{"id":3109,"date":"2021-04-14T15:54:01","date_gmt":"2021-04-14T18:54:01","guid":{"rendered":"https:\/\/ansefsc.org.br\/?p=3109"},"modified":"2021-05-14T15:21:04","modified_gmt":"2021-05-14T18:21:04","slug":"sicredi-pol-convoca-assembleia-geral-ordinaria","status":"publish","type":"post","link":"https:\/\/ansefsc.org.br\/index.php\/2021\/04\/14\/sicredi-pol-convoca-assembleia-geral-ordinaria\/","title":{"rendered":"SICREDI POL convoca Assembleia Geral Ordin\u00e1ria"},"content":{"rendered":"<p style=\"font-weight: 400;\">A Cooperativa de Credito Poupan\u00e7a e Investimentos dos Policiais Federais do Rio\u00a0Grande do Sul e Santa Catarina \u2013 Sicredi POL RS SC convoca seus associados para ASSEMBLEIA GERAL ORDIN\u00c1RIA a ser realizada no dia 20 de Abril\u00a0 de 2021, \u00e0s 19:00hs,\u00a0 A Assembleia ser\u00e1 realizada na modalidade digital, transmitida da \u00d3pera Produtora, para todos os associados, simultaneamente, para presta\u00e7\u00e3o de contas relativas ao exerc\u00edcio encerrado em 31 de dezembro de 2020.<\/p>\n<p style=\"font-weight: 400;\">Confirmar a participa\u00e7\u00e3o e direito a voto pelo site\u00a0\u00a0\u00a0<a href=\"http:\/\/www.sicredi.com.br\/assembleiadigital\" data-saferedirecturl=\"https:\/\/www.google.com\/url?q=http:\/\/www.sicredi.com.br\/assembleiadigital&amp;source=gmail&amp;ust=1618512111883000&amp;usg=AFQjCNGE1n9Fnp8XcCukenmvK3Id95KwSw\">www.sicredi.com.br\/assembleiadigital.<\/a><\/p>\n<p>Clique\u00a0<span style=\"color: #3366ff;\"><a style=\"color: #3366ff;\" href=\"https:\/\/www.sicredi.com.br\/html\/conheca-o-sicredi\/relatorios\/arquivos\/sicredi-pol-rs-sc-122020.pdf\" target=\"_blank\" rel=\"noopener noreferrer\">aqui\u00a0<\/a><\/span>e veja o relat\u00f3rio anual de presta\u00e7\u00f5es de contas.<\/p>\n<p>&nbsp;<\/p>\n<p style=\"font-weight: 400;\"><img decoding=\"async\" loading=\"lazy\" class=\"alignnone wp-image-3111 size-full\" src=\"https:\/\/ansefsc.org.br\/wp-content\/uploads\/2021\/04\/Edital-de-Convocacao-AGEO-2021-1-scaled-e1618426394850.jpg\" alt=\"\" width=\"1683\" height=\"2419\" srcset=\"https:\/\/ansefsc.org.br\/wp-content\/uploads\/2021\/04\/Edital-de-Convocacao-AGEO-2021-1-scaled-e1618426394850.jpg 1683w, https:\/\/ansefsc.org.br\/wp-content\/uploads\/2021\/04\/Edital-de-Convocacao-AGEO-2021-1-scaled-e1618426394850-600x862.jpg 600w, https:\/\/ansefsc.org.br\/wp-content\/uploads\/2021\/04\/Edital-de-Convocacao-AGEO-2021-1-scaled-e1618426394850-209x300.jpg 209w, https:\/\/ansefsc.org.br\/wp-content\/uploads\/2021\/04\/Edital-de-Convocacao-AGEO-2021-1-scaled-e1618426394850-712x1024.jpg 712w, https:\/\/ansefsc.org.br\/wp-content\/uploads\/2021\/04\/Edital-de-Convocacao-AGEO-2021-1-scaled-e1618426394850-768x1104.jpg 768w, https:\/\/ansefsc.org.br\/wp-content\/uploads\/2021\/04\/Edital-de-Convocacao-AGEO-2021-1-scaled-e1618426394850-1069x1536.jpg 1069w, https:\/\/ansefsc.org.br\/wp-content\/uploads\/2021\/04\/Edital-de-Convocacao-AGEO-2021-1-scaled-e1618426394850-1425x2048.jpg 1425w\" sizes=\"(max-width: 1683px) 100vw, 1683px\" \/><\/p>\n<p><img decoding=\"async\" loading=\"lazy\" class=\"alignnone size-full wp-image-3112\" src=\"https:\/\/ansefsc.org.br\/wp-content\/uploads\/2021\/04\/Edital-de-Convocacao-AGEO-2021-2.jpg\" alt=\"\" width=\"1865\" height=\"1332\" srcset=\"https:\/\/ansefsc.org.br\/wp-content\/uploads\/2021\/04\/Edital-de-Convocacao-AGEO-2021-2.jpg 1865w, https:\/\/ansefsc.org.br\/wp-content\/uploads\/2021\/04\/Edital-de-Convocacao-AGEO-2021-2-600x429.jpg 600w, https:\/\/ansefsc.org.br\/wp-content\/uploads\/2021\/04\/Edital-de-Convocacao-AGEO-2021-2-300x214.jpg 300w, https:\/\/ansefsc.org.br\/wp-content\/uploads\/2021\/04\/Edital-de-Convocacao-AGEO-2021-2-1024x731.jpg 1024w, https:\/\/ansefsc.org.br\/wp-content\/uploads\/2021\/04\/Edital-de-Convocacao-AGEO-2021-2-768x549.jpg 768w, https:\/\/ansefsc.org.br\/wp-content\/uploads\/2021\/04\/Edital-de-Convocacao-AGEO-2021-2-1536x1097.jpg 1536w, https:\/\/ansefsc.org.br\/wp-content\/uploads\/2021\/04\/Edital-de-Convocacao-AGEO-2021-2-120x85.jpg 120w\" sizes=\"(max-width: 1865px) 100vw, 1865px\" \/><\/p>\n","protected":false},"excerpt":{"rendered":"<p>A Cooperativa de Credito Poupan\u00e7a e Investimentos dos Policiais Federais do Rio\u00a0Grande do Sul e Santa Catarina \u2013 Sicredi POL RS SC convoca seus associados para ASSEMBLEIA GERAL ORDIN\u00c1RIA a ser realizada no dia 20 de Abril\u00a0 de 2021, \u00e0s 19:00hs,\u00a0 A Assembleia ser\u00e1 realizada na modalidade digital, transmitida da \u00d3pera Produtora, para todos os associados, simultaneamente, para presta\u00e7\u00e3o de contas relativas ao exerc\u00edcio encerrado em 31 de dezembro de 2020. Confirmar a participa\u00e7\u00e3o e direito a voto pelo site\u00a0\u00a0\u00a0www.sicredi.com.br\/assembleiadigital. Clique\u00a0aqui\u00a0e veja o relat\u00f3rio anual de presta\u00e7\u00f5es de contas. &nbsp;<\/p>\n","protected":false},"author":7,"featured_media":3121,"comment_status":"closed","ping_status":"open","sticky":false,"template":"","format":"standard","meta":[],"categories":[10],"tags":[],"_links":{"self":[{"href":"https:\/\/ansefsc.org.br\/index.php\/wp-json\/wp\/v2\/posts\/3109"}],"collection":[{"href":"https:\/\/ansefsc.org.br\/index.php\/wp-json\/wp\/v2\/posts"}],"about":[{"href":"https:\/\/ansefsc.org.br\/index.php\/wp-json\/wp\/v2\/types\/post"}],"author":[{"embeddable":true,"href":"https:\/\/ansefsc.org.br\/index.php\/wp-json\/wp\/v2\/users\/7"}],"replies":[{"embeddable":true,"href":"https:\/\/ansefsc.org.br\/index.php\/wp-json\/wp\/v2\/comments?post=3109"}],"version-history":[{"count":2,"href":"https:\/\/ansefsc.org.br\/index.php\/wp-json\/wp\/v2\/posts\/3109\/revisions"}],"predecessor-version":[{"id":3114,"href":"https:\/\/ansefsc.org.br\/index.php\/wp-json\/wp\/v2\/posts\/3109\/revisions\/3114"}],"wp:featuredmedia":[{"embeddable":true,"href":"https:\/\/ansefsc.org.br\/index.php\/wp-json\/wp\/v2\/media\/3121"}],"wp:attachment":[{"href":"https:\/\/ansefsc.org.br\/index.php\/wp-json\/wp\/v2\/media?parent=3109"}],"wp:term":[{"taxonomy":"category","embeddable":true,"href":"https:\/\/ansefsc.org.br\/index.php\/wp-json\/wp\/v2\/categories?post=3109"},{"taxonomy":"post_tag","embeddable":true,"href":"https:\/\/ansefsc.org.br\/index.php\/wp-json\/wp\/v2\/tags?post=3109"}],"curies":[{"name":"wp","href":"https:\/\/api.w.org\/{rel}","templated":true}]}}