{"id":4979,"date":"2023-04-04T19:38:02","date_gmt":"2023-04-04T22:38:02","guid":{"rendered":"https:\/\/ansefsc.org.br\/?p=4979"},"modified":"2023-04-04T19:38:26","modified_gmt":"2023-04-04T22:38:26","slug":"participe-do-passeio-para-morretes-pr","status":"publish","type":"post","link":"https:\/\/ansefsc.org.br\/index.php\/2023\/04\/04\/participe-do-passeio-para-morretes-pr\/","title":{"rendered":"Participe do passeio para Morretes\/PR"},"content":{"rendered":"<p>[vc_row][vc_column][vc_column_text]<\/p>\n<p data-pm-slice=\"1 1 []\">Em abril, a Ansef\/SC promove um passeio exclusivo para Morretes, charmosa cidade entre a Serra e o Litoral do Paran\u00e1, repleta de casar\u00f5es preservados e restaurantes, que t\u00eam o barreado como prato t\u00edpico.<\/p>\n<p>A viagem, marcada para os dias 29 e 30 de abril, \u00e9 destinada a associados, c\u00f4njuges e filhos dependentes menores de idade.<\/p>\n<p>Confira os valores e condi\u00e7\u00f5es:[\/vc_column_text]<div class=\"flexslider wpb_content_element\"><ul class=\"slides\"><li><img src=\"https:\/\/ansefsc.org.br\/wp-content\/uploads\/2023\/04\/Card-Passeio-Morretes-1-v2-03-04-2023.png\" alt=\"\" \/><\/li><li><img src=\"https:\/\/ansefsc.org.br\/wp-content\/uploads\/2023\/04\/Card-Passeio-Morretes-2-03-04-2023.png\" alt=\"\" \/><\/li><li><img src=\"https:\/\/ansefsc.org.br\/wp-content\/uploads\/2023\/04\/Card-Passeio-Morretes-3-03-04-2023.png\" alt=\"\" \/><\/li><\/ul><\/div>[\/vc_column][\/vc_row]<\/p>\n","protected":false},"excerpt":{"rendered":"<p>Em abril, a Ansef\/SC promove um passeio exclusivo para Morretes, charmosa cidade entre a Serra e o Litoral do Paran\u00e1, repleta de casar\u00f5es preservados e restaurantes, que t\u00eam o barreado como prato t\u00edpico.<\/p>\n","protected":false},"author":8,"featured_media":4983,"comment_status":"closed","ping_status":"open","sticky":false,"template":"","format":"standard","meta":[],"categories":[10],"tags":[],"_links":{"self":[{"href":"https:\/\/ansefsc.org.br\/index.php\/wp-json\/wp\/v2\/posts\/4979"}],"collection":[{"href":"https:\/\/ansefsc.org.br\/index.php\/wp-json\/wp\/v2\/posts"}],"about":[{"href":"https:\/\/ansefsc.org.br\/index.php\/wp-json\/wp\/v2\/types\/post"}],"author":[{"embeddable":true,"href":"https:\/\/ansefsc.org.br\/index.php\/wp-json\/wp\/v2\/users\/8"}],"replies":[{"embeddable":true,"href":"https:\/\/ansefsc.org.br\/index.php\/wp-json\/wp\/v2\/comments?post=4979"}],"version-history":[{"count":2,"href":"https:\/\/ansefsc.org.br\/index.php\/wp-json\/wp\/v2\/posts\/4979\/revisions"}],"predecessor-version":[{"id":4985,"href":"https:\/\/ansefsc.org.br\/index.php\/wp-json\/wp\/v2\/posts\/4979\/revisions\/4985"}],"wp:featuredmedia":[{"embeddable":true,"href":"https:\/\/ansefsc.org.br\/index.php\/wp-json\/wp\/v2\/media\/4983"}],"wp:attachment":[{"href":"https:\/\/ansefsc.org.br\/index.php\/wp-json\/wp\/v2\/media?parent=4979"}],"wp:term":[{"taxonomy":"category","embeddable":true,"href":"https:\/\/ansefsc.org.br\/index.php\/wp-json\/wp\/v2\/categories?post=4979"},{"taxonomy":"post_tag","embeddable":true,"href":"https:\/\/ansefsc.org.br\/index.php\/wp-json\/wp\/v2\/tags?post=4979"}],"curies":[{"name":"wp","href":"https:\/\/api.w.org\/{rel}","templated":true}]}}