{"id":5159,"date":"2023-07-07T17:04:50","date_gmt":"2023-07-07T20:04:50","guid":{"rendered":"https:\/\/ansefsc.org.br\/?p=5159"},"modified":"2023-07-17T09:56:32","modified_gmt":"2023-07-17T12:56:32","slug":"registros-do-tradicional-cafe-dos-aniversariantes-de-julho","status":"publish","type":"post","link":"https:\/\/ansefsc.org.br\/index.php\/2023\/07\/07\/registros-do-tradicional-cafe-dos-aniversariantes-de-julho\/","title":{"rendered":"Registros do tradicional caf\u00e9 dos aniversariantes de julho"},"content":{"rendered":"<p>[vc_row][vc_column]<div class=\"flexslider wpb_content_element\"><ul class=\"slides\"><li><img src=\"https:\/\/ansefsc.org.br\/wp-content\/uploads\/2023\/07\/05.jpg\" alt=\"\" \/><\/li><li><img src=\"https:\/\/ansefsc.org.br\/wp-content\/uploads\/2023\/07\/04.jpg\" alt=\"\" \/><\/li><li><img src=\"https:\/\/ansefsc.org.br\/wp-content\/uploads\/2023\/07\/03.jpg\" alt=\"\" \/><\/li><li><img src=\"https:\/\/ansefsc.org.br\/wp-content\/uploads\/2023\/07\/02.jpg\" alt=\"\" \/><\/li><li><img src=\"https:\/\/ansefsc.org.br\/wp-content\/uploads\/2023\/07\/01.jpg\" alt=\"\" \/><\/li><li><img src=\"https:\/\/ansefsc.org.br\/wp-content\/uploads\/2023\/07\/07.jpg\" alt=\"\" \/><\/li><li><img src=\"https:\/\/ansefsc.org.br\/wp-content\/uploads\/2023\/07\/06.jpg\" alt=\"\" \/><\/li><\/ul><\/div>[vc_column_text]<\/p>\n<p data-pm-slice=\"1 1 []\">Mesa farta, colegas reunidos e muito alto astral. Assim foi o tradicional caf\u00e9 dos aniversariantes de julho, na \u00faltima sexta-feira (7\/7). Nosso agradecimento a todos que marcaram presen\u00e7a. At\u00e9 o pr\u00f3ximo!<\/p>\n<p>Confira todos os registros do caf\u00e9, <a href=\"https:\/\/drive.google.com\/drive\/folders\/1BYx9QNYgrB8nJL21VMqOXAdMdFsyfVL_\">clique aqui<\/a>.[\/vc_column_text][\/vc_column][\/vc_row]<\/p>\n","protected":false},"excerpt":{"rendered":"<p>Mesa farta, colegas reunidos e muito alto astral. Assim foi o tradicional caf\u00e9 dos aniversariantes de julho, na \u00faltima sexta-feira (7\/7). Nosso agradecimento a todos que marcaram presen\u00e7a. At\u00e9 o pr\u00f3ximo!<\/p>\n","protected":false},"author":8,"featured_media":5169,"comment_status":"closed","ping_status":"open","sticky":false,"template":"","format":"standard","meta":[],"categories":[44],"tags":[],"_links":{"self":[{"href":"https:\/\/ansefsc.org.br\/index.php\/wp-json\/wp\/v2\/posts\/5159"}],"collection":[{"href":"https:\/\/ansefsc.org.br\/index.php\/wp-json\/wp\/v2\/posts"}],"about":[{"href":"https:\/\/ansefsc.org.br\/index.php\/wp-json\/wp\/v2\/types\/post"}],"author":[{"embeddable":true,"href":"https:\/\/ansefsc.org.br\/index.php\/wp-json\/wp\/v2\/users\/8"}],"replies":[{"embeddable":true,"href":"https:\/\/ansefsc.org.br\/index.php\/wp-json\/wp\/v2\/comments?post=5159"}],"version-history":[{"count":2,"href":"https:\/\/ansefsc.org.br\/index.php\/wp-json\/wp\/v2\/posts\/5159\/revisions"}],"predecessor-version":[{"id":5170,"href":"https:\/\/ansefsc.org.br\/index.php\/wp-json\/wp\/v2\/posts\/5159\/revisions\/5170"}],"wp:featuredmedia":[{"embeddable":true,"href":"https:\/\/ansefsc.org.br\/index.php\/wp-json\/wp\/v2\/media\/5169"}],"wp:attachment":[{"href":"https:\/\/ansefsc.org.br\/index.php\/wp-json\/wp\/v2\/media?parent=5159"}],"wp:term":[{"taxonomy":"category","embeddable":true,"href":"https:\/\/ansefsc.org.br\/index.php\/wp-json\/wp\/v2\/categories?post=5159"},{"taxonomy":"post_tag","embeddable":true,"href":"https:\/\/ansefsc.org.br\/index.php\/wp-json\/wp\/v2\/tags?post=5159"}],"curies":[{"name":"wp","href":"https:\/\/api.w.org\/{rel}","templated":true}]}}