{"id":5282,"date":"2023-09-05T18:34:29","date_gmt":"2023-09-05T21:34:29","guid":{"rendered":"https:\/\/ansefsc.org.br\/?p=5282"},"modified":"2023-10-30T12:51:33","modified_gmt":"2023-10-30T15:51:33","slug":"confira-os-registros-do-cafe-de-setembro","status":"publish","type":"post","link":"https:\/\/ansefsc.org.br\/index.php\/2023\/09\/05\/confira-os-registros-do-cafe-de-setembro\/","title":{"rendered":"Confira os registros do caf\u00e9 de setembro"},"content":{"rendered":"<p>[vc_row][vc_column]<div class=\"flexslider wpb_content_element\"><ul class=\"slides\"><li><img src=\"https:\/\/ansefsc.org.br\/wp-content\/uploads\/2023\/10\/IMG_1594_Easy-Resize.com_.jpg\" alt=\"\" \/><\/li><li><img src=\"https:\/\/ansefsc.org.br\/wp-content\/uploads\/2023\/10\/IMG_1633_Easy-Resize.com_.jpg\" alt=\"\" \/><\/li><li><img src=\"https:\/\/ansefsc.org.br\/wp-content\/uploads\/2023\/10\/IMG_1574_Easy-Resize.com-1.jpg\" alt=\"\" \/><\/li><li><img src=\"https:\/\/ansefsc.org.br\/wp-content\/uploads\/2023\/10\/IMG_1583_Easy-Resize.com_.jpg\" alt=\"\" \/><\/li><li><img src=\"https:\/\/ansefsc.org.br\/wp-content\/uploads\/2023\/10\/IMG_1588_Easy-Resize.com_.jpg\" alt=\"\" \/><\/li><li><img src=\"https:\/\/ansefsc.org.br\/wp-content\/uploads\/2023\/10\/IMG_1601_Easy-Resize.com_.jpg\" alt=\"\" \/><\/li><li><img src=\"https:\/\/ansefsc.org.br\/wp-content\/uploads\/2023\/10\/IMG_1604_Easy-Resize.com_.jpg\" alt=\"\" \/><\/li><li><img src=\"https:\/\/ansefsc.org.br\/wp-content\/uploads\/2023\/10\/IMG_1607_Easy-Resize.com_.jpg\" alt=\"\" \/><\/li><li><img src=\"https:\/\/ansefsc.org.br\/wp-content\/uploads\/2023\/10\/IMG_1630_Easy-Resize.com_.jpg\" alt=\"\" \/><\/li><\/ul><\/div>[vc_column_text]<\/p>\n<p style=\"text-align: justify;\" data-pm-slice=\"1 1 []\">Come\u00e7amos o m\u00eas de setembro em clima de descontra\u00e7\u00e3o e uni\u00e3o no nosso tradicional Caf\u00e9 dos Aniversariantes.<\/p>\n<p style=\"text-align: justify;\">A cada edi\u00e7\u00e3o, mais colegas prestigiam esse encontro, preparado com muito carinho pela Ansef\/SC, com apoio da Pol\u00edcia Federal e do Sinpofesc, para promover momentos de lazer e de trocas entre colegas da ativa e aposentados. Nosso agradecimento a todos que prestigiaram!<\/p>\n<p>Confira todos os registros, <a href=\"https:\/\/drive.google.com\/drive\/folders\/1DSau1eQctgL8hVEM71qMlW7beIBghKlD\">clique aqui<\/a>.[\/vc_column_text][\/vc_column][\/vc_row]<\/p>\n","protected":false},"excerpt":{"rendered":"<p>Come\u00e7amos o m\u00eas de agosto em clima de descontra\u00e7\u00e3o e uni\u00e3o no dia 1\u00b0, no nosso tradicional Caf\u00e9 dos Aniversariantes.<\/p>\n","protected":false},"author":8,"featured_media":5288,"comment_status":"closed","ping_status":"open","sticky":false,"template":"","format":"standard","meta":[],"categories":[44],"tags":[],"_links":{"self":[{"href":"https:\/\/ansefsc.org.br\/index.php\/wp-json\/wp\/v2\/posts\/5282"}],"collection":[{"href":"https:\/\/ansefsc.org.br\/index.php\/wp-json\/wp\/v2\/posts"}],"about":[{"href":"https:\/\/ansefsc.org.br\/index.php\/wp-json\/wp\/v2\/types\/post"}],"author":[{"embeddable":true,"href":"https:\/\/ansefsc.org.br\/index.php\/wp-json\/wp\/v2\/users\/8"}],"replies":[{"embeddable":true,"href":"https:\/\/ansefsc.org.br\/index.php\/wp-json\/wp\/v2\/comments?post=5282"}],"version-history":[{"count":1,"href":"https:\/\/ansefsc.org.br\/index.php\/wp-json\/wp\/v2\/posts\/5282\/revisions"}],"predecessor-version":[{"id":5294,"href":"https:\/\/ansefsc.org.br\/index.php\/wp-json\/wp\/v2\/posts\/5282\/revisions\/5294"}],"wp:featuredmedia":[{"embeddable":true,"href":"https:\/\/ansefsc.org.br\/index.php\/wp-json\/wp\/v2\/media\/5288"}],"wp:attachment":[{"href":"https:\/\/ansefsc.org.br\/index.php\/wp-json\/wp\/v2\/media?parent=5282"}],"wp:term":[{"taxonomy":"category","embeddable":true,"href":"https:\/\/ansefsc.org.br\/index.php\/wp-json\/wp\/v2\/categories?post=5282"},{"taxonomy":"post_tag","embeddable":true,"href":"https:\/\/ansefsc.org.br\/index.php\/wp-json\/wp\/v2\/tags?post=5282"}],"curies":[{"name":"wp","href":"https:\/\/api.w.org\/{rel}","templated":true}]}}