{"id":5457,"date":"2024-04-04T16:27:39","date_gmt":"2024-04-04T19:27:39","guid":{"rendered":"https:\/\/ansefsc.org.br\/?p=5457"},"modified":"2024-04-04T16:28:57","modified_gmt":"2024-04-04T19:28:57","slug":"confira-as-fotos-do-cafe-da-manha-em-comemoracao-aos-80-anos-da-pf","status":"publish","type":"post","link":"https:\/\/ansefsc.org.br\/index.php\/2024\/04\/04\/confira-as-fotos-do-cafe-da-manha-em-comemoracao-aos-80-anos-da-pf\/","title":{"rendered":"Confira as fotos do caf\u00e9 da manh\u00e3 em comemora\u00e7\u00e3o aos 80 anos da PF"},"content":{"rendered":"<p>[vc_row][vc_column]<div class=\"flexslider wpb_content_element\"><ul class=\"slides\"><li><img src=\"https:\/\/ansefsc.org.br\/wp-content\/uploads\/2024\/04\/IMG_2214_Easy-Resize.com_.jpg\" alt=\"\" \/><\/li><li><img src=\"https:\/\/ansefsc.org.br\/wp-content\/uploads\/2024\/04\/IMG_2216_Easy-Resize.com_.jpg\" alt=\"\" \/><\/li><li><img src=\"https:\/\/ansefsc.org.br\/wp-content\/uploads\/2024\/04\/IMG_2253_Easy-Resize.com_.jpg\" alt=\"\" \/><\/li><li><img src=\"https:\/\/ansefsc.org.br\/wp-content\/uploads\/2024\/04\/IMG_2265_Easy-Resize.com_.jpg\" alt=\"\" \/><\/li><li><img src=\"https:\/\/ansefsc.org.br\/wp-content\/uploads\/2024\/04\/IMG_2271_Easy-Resize.com_.jpg\" alt=\"\" \/><\/li><li><img src=\"https:\/\/ansefsc.org.br\/wp-content\/uploads\/2024\/04\/IMG_2273_Easy-Resize.com_.jpg\" alt=\"\" \/><\/li><li><img src=\"https:\/\/ansefsc.org.br\/wp-content\/uploads\/2024\/04\/IMG_2275_Easy-Resize.com_.jpg\" alt=\"\" \/><\/li><\/ul><\/div>[vc_column_text]<\/p>\n<p style=\"text-align: justify;\" data-pm-slice=\"1 1 []\">Nosso tradicional Caf\u00e9 da Manh\u00e3 foi especial neste m\u00eas de abril. Para alem de reunir e homenagear os colegas, o Ansef\/SC se uniu \u00e0 Pol\u00edcia Federal e outras entidades representativas dos policiais federais, como Sinpofesc, APCF e ADPF, pra celebrar os 80 anos da PF \u2014 uma hist\u00f3ria constru\u00edda com o suor e dedica\u00e7\u00e3o de milhares de colegas, muito deles, hoje aposentados.<\/p>\n<p style=\"text-align: justify;\">\u201c\u00c9 sempre muito especial reunir os colegas da ativa e os aposentados, mas em uma ocasi\u00e3o em que comemoramos oito d\u00e9cadas de Pol\u00edcia Federal esse encontro se torna ainda mais gratificante\u201d, pontua a presidente da Ansef\/SC, Liana Leal.<\/p>\n<p style=\"text-align: justify;\">\u201cEsse v\u00ednculo entre os servidores, novos e veteranos, \u00e9 fundamental para a manuten\u00e7\u00e3o do legado dos antig\u00f5es e para avan\u00e7armos rumo a novos marcos e conquiste\u201d, completa a presidente.<\/p>\n<p>Confira todos os registros, <a href=\"https:\/\/drive.google.com\/drive\/folders\/1pDNt1zZT7VIXeHQXmHZ1BFujq2tEnmR_?usp=sharing\">clique aqui<\/a>.[\/vc_column_text][\/vc_column][\/vc_row]<\/p>\n","protected":false},"excerpt":{"rendered":"<p>Nosso tradicional Caf\u00e9 da Manh\u00e3 foi especial neste m\u00eas de abril. Para alem de reunir e homenagear os colegas, o Ansef\/SC se uniu \u00e0 Pol\u00edcia Federal e outras entidades representativas dos policiais federais, como Sinpofesc, APCF e ADPF, pra celebrar os 80 anos da PF \u2014 uma hist\u00f3ria constru\u00edda com o suor e dedica\u00e7\u00e3o de milhares de colegas, muito deles, hoje aposentados.<\/p>\n","protected":false},"author":8,"featured_media":5454,"comment_status":"closed","ping_status":"open","sticky":false,"template":"","format":"standard","meta":[],"categories":[44],"tags":[],"_links":{"self":[{"href":"https:\/\/ansefsc.org.br\/index.php\/wp-json\/wp\/v2\/posts\/5457"}],"collection":[{"href":"https:\/\/ansefsc.org.br\/index.php\/wp-json\/wp\/v2\/posts"}],"about":[{"href":"https:\/\/ansefsc.org.br\/index.php\/wp-json\/wp\/v2\/types\/post"}],"author":[{"embeddable":true,"href":"https:\/\/ansefsc.org.br\/index.php\/wp-json\/wp\/v2\/users\/8"}],"replies":[{"embeddable":true,"href":"https:\/\/ansefsc.org.br\/index.php\/wp-json\/wp\/v2\/comments?post=5457"}],"version-history":[{"count":2,"href":"https:\/\/ansefsc.org.br\/index.php\/wp-json\/wp\/v2\/posts\/5457\/revisions"}],"predecessor-version":[{"id":5459,"href":"https:\/\/ansefsc.org.br\/index.php\/wp-json\/wp\/v2\/posts\/5457\/revisions\/5459"}],"wp:featuredmedia":[{"embeddable":true,"href":"https:\/\/ansefsc.org.br\/index.php\/wp-json\/wp\/v2\/media\/5454"}],"wp:attachment":[{"href":"https:\/\/ansefsc.org.br\/index.php\/wp-json\/wp\/v2\/media?parent=5457"}],"wp:term":[{"taxonomy":"category","embeddable":true,"href":"https:\/\/ansefsc.org.br\/index.php\/wp-json\/wp\/v2\/categories?post=5457"},{"taxonomy":"post_tag","embeddable":true,"href":"https:\/\/ansefsc.org.br\/index.php\/wp-json\/wp\/v2\/tags?post=5457"}],"curies":[{"name":"wp","href":"https:\/\/api.w.org\/{rel}","templated":true}]}}