{"id":5554,"date":"2024-07-02T15:49:10","date_gmt":"2024-07-02T18:49:10","guid":{"rendered":"https:\/\/ansefsc.org.br\/?p=5554"},"modified":"2024-07-02T15:49:10","modified_gmt":"2024-07-02T18:49:10","slug":"cafe-dos-aniversariantes-de-julho","status":"publish","type":"post","link":"https:\/\/ansefsc.org.br\/index.php\/2024\/07\/02\/cafe-dos-aniversariantes-de-julho\/","title":{"rendered":"Caf\u00e9 dos aniversariantes de Julho"},"content":{"rendered":"<p>[vc_row][vc_column]<div class=\"single_image wpb_content_element align-left    \" data-animation=\"none\" data-delay=\"0\"><img width=\"1080\" height=\"1080\" src=\"https:\/\/ansefsc.org.br\/wp-content\/uploads\/2024\/07\/Card-Cafe-de-Julho-01-07-2024.png\" class=\"attachment-full\" alt=\"\" decoding=\"async\" loading=\"lazy\" title=\"Card---Caf\u00e9-de-Julho-01-07-2024\" srcset=\"https:\/\/ansefsc.org.br\/wp-content\/uploads\/2024\/07\/Card-Cafe-de-Julho-01-07-2024.png 1080w, https:\/\/ansefsc.org.br\/wp-content\/uploads\/2024\/07\/Card-Cafe-de-Julho-01-07-2024-300x300.png 300w, https:\/\/ansefsc.org.br\/wp-content\/uploads\/2024\/07\/Card-Cafe-de-Julho-01-07-2024-1024x1024.png 1024w, https:\/\/ansefsc.org.br\/wp-content\/uploads\/2024\/07\/Card-Cafe-de-Julho-01-07-2024-150x150.png 150w, https:\/\/ansefsc.org.br\/wp-content\/uploads\/2024\/07\/Card-Cafe-de-Julho-01-07-2024-768x768.png 768w, https:\/\/ansefsc.org.br\/wp-content\/uploads\/2024\/07\/Card-Cafe-de-Julho-01-07-2024-80x80.png 80w, https:\/\/ansefsc.org.br\/wp-content\/uploads\/2024\/07\/Card-Cafe-de-Julho-01-07-2024-500x500.png 500w, https:\/\/ansefsc.org.br\/wp-content\/uploads\/2024\/07\/Card-Cafe-de-Julho-01-07-2024-1000x1000.png 1000w\" sizes=\"(max-width: 1080px) 100vw, 1080px\" \/><\/div>[vc_column_text]<\/p>\n<p style=\"text-align: justify;\" data-pm-slice=\"1 1 []\">O nosso tradicional caf\u00e9 da manh\u00e3 de julho ser\u00e1 na pr\u00f3xima ter\u00e7a-feira, dia 9 de julho.<\/p>\n<p style=\"text-align: justify;\">Vamos nos reunir para aproveitar um delicioso caf\u00e9 da manh\u00e3, confraternizar entre colegas e homenagear os colegas que celebram mais um ciclo de vida neste m\u00eas.<\/p>\n<p style=\"text-align: justify;\">Anote na agenda e prestigie mais esse evento da Ansef\/SC e parceiros preparado para voc\u00ea.<\/p>\n<p>[\/vc_column_text][\/vc_column][\/vc_row]<\/p>\n","protected":false},"excerpt":{"rendered":"<p>O nosso tradicional caf\u00e9 da manh\u00e3 de julho ser\u00e1 na pr\u00f3xima ter\u00e7a-feira, dia 9 de julho.<\/p>\n","protected":false},"author":8,"featured_media":5558,"comment_status":"closed","ping_status":"open","sticky":false,"template":"","format":"standard","meta":[],"categories":[10],"tags":[],"_links":{"self":[{"href":"https:\/\/ansefsc.org.br\/index.php\/wp-json\/wp\/v2\/posts\/5554"}],"collection":[{"href":"https:\/\/ansefsc.org.br\/index.php\/wp-json\/wp\/v2\/posts"}],"about":[{"href":"https:\/\/ansefsc.org.br\/index.php\/wp-json\/wp\/v2\/types\/post"}],"author":[{"embeddable":true,"href":"https:\/\/ansefsc.org.br\/index.php\/wp-json\/wp\/v2\/users\/8"}],"replies":[{"embeddable":true,"href":"https:\/\/ansefsc.org.br\/index.php\/wp-json\/wp\/v2\/comments?post=5554"}],"version-history":[{"count":1,"href":"https:\/\/ansefsc.org.br\/index.php\/wp-json\/wp\/v2\/posts\/5554\/revisions"}],"predecessor-version":[{"id":5559,"href":"https:\/\/ansefsc.org.br\/index.php\/wp-json\/wp\/v2\/posts\/5554\/revisions\/5559"}],"wp:featuredmedia":[{"embeddable":true,"href":"https:\/\/ansefsc.org.br\/index.php\/wp-json\/wp\/v2\/media\/5558"}],"wp:attachment":[{"href":"https:\/\/ansefsc.org.br\/index.php\/wp-json\/wp\/v2\/media?parent=5554"}],"wp:term":[{"taxonomy":"category","embeddable":true,"href":"https:\/\/ansefsc.org.br\/index.php\/wp-json\/wp\/v2\/categories?post=5554"},{"taxonomy":"post_tag","embeddable":true,"href":"https:\/\/ansefsc.org.br\/index.php\/wp-json\/wp\/v2\/tags?post=5554"}],"curies":[{"name":"wp","href":"https:\/\/api.w.org\/{rel}","templated":true}]}}