{"id":5614,"date":"2024-08-14T17:27:01","date_gmt":"2024-08-14T20:27:01","guid":{"rendered":"https:\/\/ansefsc.org.br\/?p=5614"},"modified":"2024-08-14T17:27:01","modified_gmt":"2024-08-14T20:27:01","slug":"xvi-joids-2025-diretoria-da-ansef-sc-motiva-atletas-da-pf","status":"publish","type":"post","link":"https:\/\/ansefsc.org.br\/index.php\/2024\/08\/14\/xvi-joids-2025-diretoria-da-ansef-sc-motiva-atletas-da-pf\/","title":{"rendered":"XVI JOIDS 2025: Diretoria da Ansef\/SC motiva atletas da PF"},"content":{"rendered":"<p>[vc_row][vc_column]<div class=\"flexslider wpb_content_element\"><ul class=\"slides\"><li><img src=\"https:\/\/ansefsc.org.br\/wp-content\/uploads\/2024\/08\/Ansef-1.png\" alt=\"\" \/><\/li><li><img src=\"https:\/\/ansefsc.org.br\/wp-content\/uploads\/2024\/08\/Ansef-2.png\" alt=\"\" \/><\/li><\/ul><\/div>[vc_column_text]<\/p>\n<p style=\"text-align: justify;\">Na \u00faltima sexta-feira (09\/08), a diretora financeira da Ansef\/SC, Mirian Kruse, e o diretor de esportes, Ary Copetti, realizaram uma visita \u00e0 Superintend\u00eancia Regional da Pol\u00edcia Federal em Santa Catarina com o objetivo de incentivar a participa\u00e7\u00e3o dos servidores nos XVI Jogos Nacionais de Integra\u00e7\u00e3o dos Servidores da Pol\u00edcia Federal (JOIDS). O evento ocorrer\u00e1 em mar\u00e7o de 2025, no Esp\u00edrito Santo, mas os preparativos j\u00e1 est\u00e3o a mil.<\/p>\n<p style=\"text-align: justify;\">Durante a visita, a diretoria refor\u00e7ou a import\u00e2ncia do engajamento dos atletas nos treinos e a participa\u00e7\u00e3o nas competi\u00e7\u00f5es, destacando que os JOIDS n\u00e3o s\u00e3o apenas uma oportunidade de competir, mas tamb\u00e9m de fortalecer os la\u00e7os entre os servidores da PF de todo o Brasil.<\/p>\n<p style=\"text-align: justify;\">&#8220;Os JOIDS s\u00e3o um momento de uni\u00e3o e integra\u00e7\u00e3o para toda a nossa categoria, e queremos que nossos associados estejam presentes e representem Santa Catarina com toda a garra e determina\u00e7\u00e3o que nos caracterizam&#8221;, destacou Mirian.<\/p>\n<p style=\"text-align: justify;\">O encontro tamb\u00e9m trouxe boas not\u00edcias: o associado Andr\u00e9 Silveira j\u00e1 confirmou sua participa\u00e7\u00e3o na modalidade de jiu-j\u00edtsu, mostrando que o esp\u00edrito esportivo est\u00e1 vivo entre os policiais federais catarinenses.<\/p>\n<p style=\"text-align: justify;\">A Ansef\/SC est\u00e1 comprometida em apoiar seus atletas, garantindo que tenham todas as condi\u00e7\u00f5es necess\u00e1rias para participar dos jogos e trazer muitas medalhas para casa. &#8220;Estamos motivados e prontos para encarar mais esse desafio, e contamos com o empenho de todos os nossos associados&#8221;, finalizou a diretora.<\/p>\n<p>[\/vc_column_text][\/vc_column][\/vc_row]<\/p>\n","protected":false},"excerpt":{"rendered":"<p>Na \u00faltima sexta-feira (09\/08), a diretora financeira da Ansef\/SC, Mirian Kruse, e o diretor de esportes, Ary Copetti, realizaram uma visita \u00e0 Superintend\u00eancia Regional da Pol\u00edcia Federal em Santa Catarina com o objetivo de incentivar a participa\u00e7\u00e3o dos servidores nos XVI Jogos Nacionais de Integra\u00e7\u00e3o dos Servidores da Pol\u00edcia Federal (JOIDS). O evento ocorrer\u00e1 em mar\u00e7o de 2025, no Esp\u00edrito Santo, mas os preparativos j\u00e1 est\u00e3o a mil.<\/p>\n","protected":false},"author":8,"featured_media":5615,"comment_status":"closed","ping_status":"open","sticky":false,"template":"","format":"standard","meta":[],"categories":[10],"tags":[],"_links":{"self":[{"href":"https:\/\/ansefsc.org.br\/index.php\/wp-json\/wp\/v2\/posts\/5614"}],"collection":[{"href":"https:\/\/ansefsc.org.br\/index.php\/wp-json\/wp\/v2\/posts"}],"about":[{"href":"https:\/\/ansefsc.org.br\/index.php\/wp-json\/wp\/v2\/types\/post"}],"author":[{"embeddable":true,"href":"https:\/\/ansefsc.org.br\/index.php\/wp-json\/wp\/v2\/users\/8"}],"replies":[{"embeddable":true,"href":"https:\/\/ansefsc.org.br\/index.php\/wp-json\/wp\/v2\/comments?post=5614"}],"version-history":[{"count":1,"href":"https:\/\/ansefsc.org.br\/index.php\/wp-json\/wp\/v2\/posts\/5614\/revisions"}],"predecessor-version":[{"id":5617,"href":"https:\/\/ansefsc.org.br\/index.php\/wp-json\/wp\/v2\/posts\/5614\/revisions\/5617"}],"wp:featuredmedia":[{"embeddable":true,"href":"https:\/\/ansefsc.org.br\/index.php\/wp-json\/wp\/v2\/media\/5615"}],"wp:attachment":[{"href":"https:\/\/ansefsc.org.br\/index.php\/wp-json\/wp\/v2\/media?parent=5614"}],"wp:term":[{"taxonomy":"category","embeddable":true,"href":"https:\/\/ansefsc.org.br\/index.php\/wp-json\/wp\/v2\/categories?post=5614"},{"taxonomy":"post_tag","embeddable":true,"href":"https:\/\/ansefsc.org.br\/index.php\/wp-json\/wp\/v2\/tags?post=5614"}],"curies":[{"name":"wp","href":"https:\/\/api.w.org\/{rel}","templated":true}]}}