{"id":5624,"date":"2024-09-06T11:53:37","date_gmt":"2024-09-06T14:53:37","guid":{"rendered":"https:\/\/ansefsc.org.br\/?p=5624"},"modified":"2024-09-06T11:53:37","modified_gmt":"2024-09-06T14:53:37","slug":"cafe-dos-aniversariantes-de-setembro","status":"publish","type":"post","link":"https:\/\/ansefsc.org.br\/index.php\/2024\/09\/06\/cafe-dos-aniversariantes-de-setembro\/","title":{"rendered":"Caf\u00e9 dos aniversariantes de Setembro"},"content":{"rendered":"<p>[vc_row][vc_column]<div class=\"single_image wpb_content_element align-left    \" data-animation=\"none\" data-delay=\"0\"><img width=\"1080\" height=\"1080\" src=\"https:\/\/ansefsc.org.br\/wp-content\/uploads\/2024\/09\/Card-Cafe-de-Setembro-05-09-2024.png\" class=\"attachment-full\" alt=\"\" decoding=\"async\" loading=\"lazy\" title=\"Card---Caf\u00e9-de-Setembro-05-09-2024\" srcset=\"https:\/\/ansefsc.org.br\/wp-content\/uploads\/2024\/09\/Card-Cafe-de-Setembro-05-09-2024.png 1080w, https:\/\/ansefsc.org.br\/wp-content\/uploads\/2024\/09\/Card-Cafe-de-Setembro-05-09-2024-300x300.png 300w, https:\/\/ansefsc.org.br\/wp-content\/uploads\/2024\/09\/Card-Cafe-de-Setembro-05-09-2024-1024x1024.png 1024w, https:\/\/ansefsc.org.br\/wp-content\/uploads\/2024\/09\/Card-Cafe-de-Setembro-05-09-2024-150x150.png 150w, https:\/\/ansefsc.org.br\/wp-content\/uploads\/2024\/09\/Card-Cafe-de-Setembro-05-09-2024-768x768.png 768w, https:\/\/ansefsc.org.br\/wp-content\/uploads\/2024\/09\/Card-Cafe-de-Setembro-05-09-2024-80x80.png 80w, https:\/\/ansefsc.org.br\/wp-content\/uploads\/2024\/09\/Card-Cafe-de-Setembro-05-09-2024-500x500.png 500w, https:\/\/ansefsc.org.br\/wp-content\/uploads\/2024\/09\/Card-Cafe-de-Setembro-05-09-2024-1000x1000.png 1000w\" sizes=\"(max-width: 1080px) 100vw, 1080px\" \/><\/div>[vc_column_text]<\/p>\n<p style=\"text-align: justify;\" data-pm-slice=\"1 1 []\">O tradicional caf\u00e9 da manh\u00e3 de setembro est\u00e1 chegando! Na pr\u00f3xima ter\u00e7a-feira, dia 11 de setembro, vamos nos reunir para um delicioso caf\u00e9, celebrar a vida dos colegas aniversariantes e fortalecer nossos la\u00e7os de amizade e uni\u00e3o.<\/p>\n<p style=\"text-align: justify;\">Anote na agenda e n\u00e3o perca essa oportunidade de confraterniza\u00e7\u00e3o e homenagens, organizada com carinho pela Ansef\/SC, com apoio da Pol\u00edcia Federal e do Sinpofesc, para voc\u00ea!<\/p>\n<p>[\/vc_column_text][\/vc_column][\/vc_row]<\/p>\n","protected":false},"excerpt":{"rendered":"<p>O tradicional caf\u00e9 da manh\u00e3 de setembro est\u00e1 chegando! Na pr\u00f3xima ter\u00e7a-feira, dia 11 de setembro, vamos nos reunir para um delicioso caf\u00e9, celebrar a vida dos colegas aniversariantes e fortalecer nossos la\u00e7os de amizade e uni\u00e3o.<\/p>\n","protected":false},"author":8,"featured_media":5625,"comment_status":"closed","ping_status":"open","sticky":false,"template":"","format":"standard","meta":[],"categories":[10],"tags":[],"_links":{"self":[{"href":"https:\/\/ansefsc.org.br\/index.php\/wp-json\/wp\/v2\/posts\/5624"}],"collection":[{"href":"https:\/\/ansefsc.org.br\/index.php\/wp-json\/wp\/v2\/posts"}],"about":[{"href":"https:\/\/ansefsc.org.br\/index.php\/wp-json\/wp\/v2\/types\/post"}],"author":[{"embeddable":true,"href":"https:\/\/ansefsc.org.br\/index.php\/wp-json\/wp\/v2\/users\/8"}],"replies":[{"embeddable":true,"href":"https:\/\/ansefsc.org.br\/index.php\/wp-json\/wp\/v2\/comments?post=5624"}],"version-history":[{"count":1,"href":"https:\/\/ansefsc.org.br\/index.php\/wp-json\/wp\/v2\/posts\/5624\/revisions"}],"predecessor-version":[{"id":5627,"href":"https:\/\/ansefsc.org.br\/index.php\/wp-json\/wp\/v2\/posts\/5624\/revisions\/5627"}],"wp:featuredmedia":[{"embeddable":true,"href":"https:\/\/ansefsc.org.br\/index.php\/wp-json\/wp\/v2\/media\/5625"}],"wp:attachment":[{"href":"https:\/\/ansefsc.org.br\/index.php\/wp-json\/wp\/v2\/media?parent=5624"}],"wp:term":[{"taxonomy":"category","embeddable":true,"href":"https:\/\/ansefsc.org.br\/index.php\/wp-json\/wp\/v2\/categories?post=5624"},{"taxonomy":"post_tag","embeddable":true,"href":"https:\/\/ansefsc.org.br\/index.php\/wp-json\/wp\/v2\/tags?post=5624"}],"curies":[{"name":"wp","href":"https:\/\/api.w.org\/{rel}","templated":true}]}}