{"id":5701,"date":"2024-11-06T12:34:04","date_gmt":"2024-11-06T15:34:04","guid":{"rendered":"https:\/\/ansefsc.org.br\/?p=5701"},"modified":"2024-11-08T10:33:54","modified_gmt":"2024-11-08T13:33:54","slug":"confira-os-registros-do-cafe-dos-aniversariantes-de-novembro","status":"publish","type":"post","link":"https:\/\/ansefsc.org.br\/index.php\/2024\/11\/06\/confira-os-registros-do-cafe-dos-aniversariantes-de-novembro\/","title":{"rendered":"Caf\u00e9 de Novembro: celebrando juntos no Sinpofesc At\u00e9 Voc\u00ea"},"content":{"rendered":"<p>[vc_row][vc_column]<div class=\"flexslider wpb_content_element\"><ul class=\"slides\"><li><img src=\"https:\/\/ansefsc.org.br\/wp-content\/uploads\/2024\/11\/IMG_3297_Easy-Resize.com_.jpg\" alt=\"\" \/><\/li><li><img src=\"https:\/\/ansefsc.org.br\/wp-content\/uploads\/2024\/11\/IMG_3289_Easy-Resize.com_.jpg\" alt=\"\" \/><\/li><li><img src=\"https:\/\/ansefsc.org.br\/wp-content\/uploads\/2024\/11\/IMG_3274_Easy-Resize.com_.jpg\" alt=\"\" \/><\/li><li><img src=\"https:\/\/ansefsc.org.br\/wp-content\/uploads\/2024\/11\/IMG_3229_Easy-Resize.com_.jpg\" alt=\"\" \/><\/li><li><img src=\"https:\/\/ansefsc.org.br\/wp-content\/uploads\/2024\/11\/IMG_3324_Easy-Resize.com_.jpg\" alt=\"\" \/><\/li><li><img src=\"https:\/\/ansefsc.org.br\/wp-content\/uploads\/2024\/11\/IMG_3323_Easy-Resize.com_.jpg\" alt=\"\" \/><\/li><li><img src=\"https:\/\/ansefsc.org.br\/wp-content\/uploads\/2024\/11\/IMG_3317_Easy-Resize.com_.jpg\" alt=\"\" \/><\/li><li><img src=\"https:\/\/ansefsc.org.br\/wp-content\/uploads\/2024\/11\/IMG_3315_Easy-Resize.com_.jpg\" alt=\"\" \/><\/li><li><img src=\"https:\/\/ansefsc.org.br\/wp-content\/uploads\/2024\/11\/IMG_3309_Easy-Resize.com_.jpg\" alt=\"\" \/><\/li><li><img src=\"https:\/\/ansefsc.org.br\/wp-content\/uploads\/2024\/11\/IMG_3307_Easy-Resize.com_.jpg\" alt=\"\" \/><\/li><\/ul><\/div>[vc_column_text]<\/p>\n<p style=\"text-align: justify;\" data-pm-slice=\"1 1 []\">Na \u00faltima ter\u00e7a-feira, 5 de novembro, realizamos mais uma edi\u00e7\u00e3o do nosso Caf\u00e9 Mensal, um momento de confraterniza\u00e7\u00e3o e troca entre os associados. Nesta edi\u00e7\u00e3o, tivemos a satisfa\u00e7\u00e3o de integrar nossa programa\u00e7\u00e3o ao Sinpofesc At\u00e9 Voc\u00ea, refor\u00e7ando a parceria com o Sinpofesc e o compromisso com o bem-estar e a uni\u00e3o dos colegas.<\/p>\n<p style=\"text-align: justify;\">O encontro foi uma oportunidade especial para reencontrar amigos e colegas, e homenageamos com carinho os aniversariantes do m\u00eas, celebrando juntos mais um ciclo. Agradecemos a presen\u00e7a de todos e reiteramos a import\u00e2ncia da participa\u00e7\u00e3o dos associados nesses momentos de integra\u00e7\u00e3o.<\/p>\n<p>[\/vc_column_text][\/vc_column][\/vc_row]<\/p>\n","protected":false},"excerpt":{"rendered":"<p>Na \u00faltima ter\u00e7a-feira, 5 de novembro, realizamos mais uma edi\u00e7\u00e3o do nosso Caf\u00e9 Mensal, um momento de confraterniza\u00e7\u00e3o e troca entre os associados. Nesta edi\u00e7\u00e3o, tivemos a satisfa\u00e7\u00e3o de integrar nossa programa\u00e7\u00e3o ao Sinpofesc At\u00e9 Voc\u00ea, refor\u00e7ando a parceria com o Sinpofesc e o compromisso com o bem-estar e a uni\u00e3o dos colegas.<\/p>\n","protected":false},"author":8,"featured_media":5703,"comment_status":"closed","ping_status":"open","sticky":false,"template":"","format":"standard","meta":[],"categories":[44],"tags":[],"_links":{"self":[{"href":"https:\/\/ansefsc.org.br\/index.php\/wp-json\/wp\/v2\/posts\/5701"}],"collection":[{"href":"https:\/\/ansefsc.org.br\/index.php\/wp-json\/wp\/v2\/posts"}],"about":[{"href":"https:\/\/ansefsc.org.br\/index.php\/wp-json\/wp\/v2\/types\/post"}],"author":[{"embeddable":true,"href":"https:\/\/ansefsc.org.br\/index.php\/wp-json\/wp\/v2\/users\/8"}],"replies":[{"embeddable":true,"href":"https:\/\/ansefsc.org.br\/index.php\/wp-json\/wp\/v2\/comments?post=5701"}],"version-history":[{"count":4,"href":"https:\/\/ansefsc.org.br\/index.php\/wp-json\/wp\/v2\/posts\/5701\/revisions"}],"predecessor-version":[{"id":5719,"href":"https:\/\/ansefsc.org.br\/index.php\/wp-json\/wp\/v2\/posts\/5701\/revisions\/5719"}],"wp:featuredmedia":[{"embeddable":true,"href":"https:\/\/ansefsc.org.br\/index.php\/wp-json\/wp\/v2\/media\/5703"}],"wp:attachment":[{"href":"https:\/\/ansefsc.org.br\/index.php\/wp-json\/wp\/v2\/media?parent=5701"}],"wp:term":[{"taxonomy":"category","embeddable":true,"href":"https:\/\/ansefsc.org.br\/index.php\/wp-json\/wp\/v2\/categories?post=5701"},{"taxonomy":"post_tag","embeddable":true,"href":"https:\/\/ansefsc.org.br\/index.php\/wp-json\/wp\/v2\/tags?post=5701"}],"curies":[{"name":"wp","href":"https:\/\/api.w.org\/{rel}","templated":true}]}}