{"id":5840,"date":"2025-01-28T08:39:12","date_gmt":"2025-01-28T11:39:12","guid":{"rendered":"https:\/\/ansefsc.org.br\/?p=5840"},"modified":"2025-01-28T08:40:10","modified_gmt":"2025-01-28T11:40:10","slug":"convenio-com-o-colegio-adventista-de-estreito","status":"publish","type":"post","link":"https:\/\/ansefsc.org.br\/index.php\/2025\/01\/28\/convenio-com-o-colegio-adventista-de-estreito\/","title":{"rendered":"Conv\u00eanio com o Col\u00e9gio Adventista de Estreito"},"content":{"rendered":"<p>[vc_row][vc_column]<div class=\"single_image wpb_content_element align-center    \" data-animation=\"none\" data-delay=\"0\"><img width=\"731\" height=\"1024\" src=\"https:\/\/ansefsc.org.br\/wp-content\/uploads\/2025\/01\/WhatsApp-Image-2025-01-22-at-13.40.32-731x1024.jpeg\" class=\"attachment-large\" alt=\"\" decoding=\"async\" loading=\"lazy\" title=\"WhatsApp Image 2025-01-22 at 13.40.32\" srcset=\"https:\/\/ansefsc.org.br\/wp-content\/uploads\/2025\/01\/WhatsApp-Image-2025-01-22-at-13.40.32-731x1024.jpeg 731w, https:\/\/ansefsc.org.br\/wp-content\/uploads\/2025\/01\/WhatsApp-Image-2025-01-22-at-13.40.32-214x300.jpeg 214w, https:\/\/ansefsc.org.br\/wp-content\/uploads\/2025\/01\/WhatsApp-Image-2025-01-22-at-13.40.32-768x1076.jpeg 768w, https:\/\/ansefsc.org.br\/wp-content\/uploads\/2025\/01\/WhatsApp-Image-2025-01-22-at-13.40.32.jpeg 914w\" sizes=\"(max-width: 731px) 100vw, 731px\" \/><\/div>[vc_column_text]<\/p>\n<p style=\"text-align: justify;\" data-pm-slice=\"1 1 []\">Aten\u00e7\u00e3o, associados da ANSEF\/SC!<\/p>\n<p style=\"text-align: justify;\">Que tal garantir uma educa\u00e7\u00e3o de excel\u00eancia para seus filhos e netos?<\/p>\n<p style=\"text-align: justify;\">Por meio do nosso conv\u00eanio com o Col\u00e9gio Adventista de Estreito, os dependentes dos associados contam com condi\u00e7\u00f5es especiais para estudar em uma institui\u00e7\u00e3o reconhecida pela qualidade de ensino e valores s\u00f3lidos.<\/p>\n<p style=\"text-align: justify;\"><strong>Mas aten\u00e7\u00e3o! As condi\u00e7\u00f5es s\u00e3o personalizadas para cada associado, ent\u00e3o \u00e9 fundamental entrar em contato para saber os detalhes.<\/strong><\/p>\n<p style=\"text-align: justify;\">Ligue para (48) 3039-8100 e informe-se!<\/p>\n<p style=\"text-align: justify;\">Invista no futuro da sua fam\u00edlia com essa oportunidade exclusiva.<\/p>\n<p>[\/vc_column_text][\/vc_column][\/vc_row]<\/p>\n","protected":false},"excerpt":{"rendered":"<p>Por meio do nosso conv\u00eanio com o Col\u00e9gio Adventista de Estreito, os dependentes dos associados contam com condi\u00e7\u00f5es especiais para estudar em uma institui\u00e7\u00e3o reconhecida pela qualidade de ensino e valores s\u00f3lidos.<\/p>\n","protected":false},"author":8,"featured_media":5842,"comment_status":"closed","ping_status":"open","sticky":false,"template":"","format":"standard","meta":[],"categories":[10],"tags":[],"_links":{"self":[{"href":"https:\/\/ansefsc.org.br\/index.php\/wp-json\/wp\/v2\/posts\/5840"}],"collection":[{"href":"https:\/\/ansefsc.org.br\/index.php\/wp-json\/wp\/v2\/posts"}],"about":[{"href":"https:\/\/ansefsc.org.br\/index.php\/wp-json\/wp\/v2\/types\/post"}],"author":[{"embeddable":true,"href":"https:\/\/ansefsc.org.br\/index.php\/wp-json\/wp\/v2\/users\/8"}],"replies":[{"embeddable":true,"href":"https:\/\/ansefsc.org.br\/index.php\/wp-json\/wp\/v2\/comments?post=5840"}],"version-history":[{"count":3,"href":"https:\/\/ansefsc.org.br\/index.php\/wp-json\/wp\/v2\/posts\/5840\/revisions"}],"predecessor-version":[{"id":5845,"href":"https:\/\/ansefsc.org.br\/index.php\/wp-json\/wp\/v2\/posts\/5840\/revisions\/5845"}],"wp:featuredmedia":[{"embeddable":true,"href":"https:\/\/ansefsc.org.br\/index.php\/wp-json\/wp\/v2\/media\/5842"}],"wp:attachment":[{"href":"https:\/\/ansefsc.org.br\/index.php\/wp-json\/wp\/v2\/media?parent=5840"}],"wp:term":[{"taxonomy":"category","embeddable":true,"href":"https:\/\/ansefsc.org.br\/index.php\/wp-json\/wp\/v2\/categories?post=5840"},{"taxonomy":"post_tag","embeddable":true,"href":"https:\/\/ansefsc.org.br\/index.php\/wp-json\/wp\/v2\/tags?post=5840"}],"curies":[{"name":"wp","href":"https:\/\/api.w.org\/{rel}","templated":true}]}}