{"id":5925,"date":"2025-03-10T18:03:07","date_gmt":"2025-03-10T21:03:07","guid":{"rendered":"https:\/\/ansefsc.org.br\/?p=5925"},"modified":"2025-03-11T20:20:37","modified_gmt":"2025-03-11T23:20:37","slug":"divulgacao-das-chapas-inscritas-eleicoes-a-diretoria-executiva-e-conselho-fiscal-da-ansef-sc-trienio-2025-2028","status":"publish","type":"post","link":"https:\/\/ansefsc.org.br\/index.php\/2025\/03\/10\/divulgacao-das-chapas-inscritas-eleicoes-a-diretoria-executiva-e-conselho-fiscal-da-ansef-sc-trienio-2025-2028\/","title":{"rendered":"Divulga\u00e7\u00e3o das Chapas Inscritas &#8211; Elei\u00e7\u00f5es \u00e0 diretoria executiva e conselho fiscal da Ansef\/SC -Tri\u00eanio 2025\/2028"},"content":{"rendered":"<p><strong>CHAPA N\u00b0 1: \u201cLEALDADE E COMPROMISSO\u201d<\/strong><\/p>\n<p>Liana De F\u00e1tima Leal &#8211; PRESIDENTE<\/p>\n<p>Mirian Kruse Dos Santos \u2013 VICE PRESIDENTE<\/p>\n<p>Dorn\u00e9lio Soares De Lima \u2013 DIRETOR ADMINISTRATIVO<\/p>\n<p>Carlos Augusto Chalupe Karkow \u2013 VICE DIRETOR ADMINISTRATIVO<\/p>\n<p>Neuza Terezinha Pinto \u2013 DIRETORA FINANCEIRA<\/p>\n<p>Carlos Eduardo Ferrari Cardoso \u2013 VICE DIRETOR FINANCEIRO<\/p>\n<p>Dayron Alberto Gabriel Guimar\u00e3es \u2013 DIRETOR SOCIAL E DE ESPORTES<\/p>\n<p>Fabio Ricardo Lee Marques \u2013 VICE DIRETOR SOCIAL E DE ESPORTES<\/p>\n<p><strong>Conselho Fiscal Estadual \u201cAUTONOMIA E ISEN\u00c7\u00c3O\u201d<\/strong><\/p>\n<p>Roseli Da Silva Nau &#8211; EFETIVO<\/p>\n<p>Nelcione Alano &#8211; EFETIVO<\/p>\n<p>Antonio Carlos Moratelli &#8211; EFETIVO<\/p>\n<p>Luciano Petinati Ferreira &#8211; SUPLENTE<\/p>\n<p>Rogerio Campos Galiazzi Pastro &#8211; SUPLENTE<\/p>\n<p><strong>CHAPA N\u00b02: \u201cINTEGRA\u00c7\u00c3O, INOVA\u00c7\u00c3O E TRANSPAR\u00caNCIA\u201d<\/strong><\/p>\n<p>Wagner Tiezerin \u2013 PRESIDENTE<\/p>\n<p>Heitor Braun \u2013 VICE PRESIDENTE<\/p>\n<p>Antonio Carlos Da Silva Santana \u2013 DIRETOR ADMINISTRATIVO<\/p>\n<p>Antonio Luiz Muniz \u2013 VICE DIRETOR ADMINISTRATIVO<\/p>\n<p>\u00c1lvaro Luiz Socha \u2013 DIRETOR FINANCEIRO<\/p>\n<p>Armando Lagos \u2013 VICE DIRETOR FINANCEIRO<\/p>\n<p>Emilio Sabbi \u2013 DIRETOR SOCIEAL E DE ESPORTES<\/p>\n<p>Reinaldo Garcia Duarte \u2013 VICE DIRETOR SOCIAL E DE ESPORTES<\/p>\n<p><strong>Conselho Fiscal Estadual \u201cAN\u00c1LISE SEGURA\u201d:<\/strong><\/p>\n<p>Antonio Arn\u00fabio Rodrigues De Araujo &#8211; EFETIVO<\/p>\n<p>Rita Leanda Zanotelli &#8211; EFETIVO<\/p>\n<p>Gilberto Munhoz Louren\u00e7atto &#8211; EFETIVO<\/p>\n<p>H\u00e9lvio Ferreira &#8211; SUPLENTE<\/p>\n<p>Ilson Correa Mirapalheta &#8211; SUPLENTE<\/p>\n<p>Confira o documento na \u00edntegra, <a href=\"https:\/\/ansefsc.org.br\/wp-content\/uploads\/2025\/03\/DIVULGACAO-DAS-CHAPAS-INSCRITAS.pdf\">clique aqui<\/a>.<\/p>\n","protected":false},"excerpt":{"rendered":"<p>Divulga\u00e7\u00e3o das Chapas Inscritas &#8211; Elei\u00e7\u00f5es \u00e0 diretoria executiva e conselho fiscal da Ansef\/SC -Tri\u00eanio 2025\/2028<\/p>\n","protected":false},"author":8,"featured_media":5928,"comment_status":"closed","ping_status":"open","sticky":false,"template":"","format":"standard","meta":[],"categories":[80,10],"tags":[],"_links":{"self":[{"href":"https:\/\/ansefsc.org.br\/index.php\/wp-json\/wp\/v2\/posts\/5925"}],"collection":[{"href":"https:\/\/ansefsc.org.br\/index.php\/wp-json\/wp\/v2\/posts"}],"about":[{"href":"https:\/\/ansefsc.org.br\/index.php\/wp-json\/wp\/v2\/types\/post"}],"author":[{"embeddable":true,"href":"https:\/\/ansefsc.org.br\/index.php\/wp-json\/wp\/v2\/users\/8"}],"replies":[{"embeddable":true,"href":"https:\/\/ansefsc.org.br\/index.php\/wp-json\/wp\/v2\/comments?post=5925"}],"version-history":[{"count":2,"href":"https:\/\/ansefsc.org.br\/index.php\/wp-json\/wp\/v2\/posts\/5925\/revisions"}],"predecessor-version":[{"id":5934,"href":"https:\/\/ansefsc.org.br\/index.php\/wp-json\/wp\/v2\/posts\/5925\/revisions\/5934"}],"wp:featuredmedia":[{"embeddable":true,"href":"https:\/\/ansefsc.org.br\/index.php\/wp-json\/wp\/v2\/media\/5928"}],"wp:attachment":[{"href":"https:\/\/ansefsc.org.br\/index.php\/wp-json\/wp\/v2\/media?parent=5925"}],"wp:term":[{"taxonomy":"category","embeddable":true,"href":"https:\/\/ansefsc.org.br\/index.php\/wp-json\/wp\/v2\/categories?post=5925"},{"taxonomy":"post_tag","embeddable":true,"href":"https:\/\/ansefsc.org.br\/index.php\/wp-json\/wp\/v2\/tags?post=5925"}],"curies":[{"name":"wp","href":"https:\/\/api.w.org\/{rel}","templated":true}]}}