{"id":5967,"date":"2025-04-09T10:38:26","date_gmt":"2025-04-09T13:38:26","guid":{"rendered":"https:\/\/ansefsc.org.br\/?p=5967"},"modified":"2025-04-09T17:16:21","modified_gmt":"2025-04-09T20:16:21","slug":"confira-os-registros-do-cafe-de-abril","status":"publish","type":"post","link":"https:\/\/ansefsc.org.br\/index.php\/2025\/04\/09\/confira-os-registros-do-cafe-de-abril\/","title":{"rendered":"Tradi\u00e7\u00e3o que fortalece: caf\u00e9 da manh\u00e3 da Ansef\/SC abre a Semana da Sa\u00fade da PF"},"content":{"rendered":"<p>[vc_row][vc_column]<div class=\"flexslider wpb_content_element\"><ul class=\"slides\"><li><img src=\"https:\/\/ansefsc.org.br\/wp-content\/uploads\/2025\/04\/IMG_5285_Easy-Resize.com_.jpg\" alt=\"\" \/><\/li><li><img src=\"https:\/\/ansefsc.org.br\/wp-content\/uploads\/2025\/04\/IMG_5284_Easy-Resize.com_.jpg\" alt=\"\" \/><\/li><li><img src=\"https:\/\/ansefsc.org.br\/wp-content\/uploads\/2025\/04\/IMG_5277_Easy-Resize.com_.jpg\" alt=\"\" \/><\/li><li><img src=\"https:\/\/ansefsc.org.br\/wp-content\/uploads\/2025\/04\/IMG_5263_Easy-Resize.com_.jpg\" alt=\"\" \/><\/li><li><img src=\"https:\/\/ansefsc.org.br\/wp-content\/uploads\/2025\/04\/IMG_5249_Easy-Resize.com_.jpg\" alt=\"\" \/><\/li><li><img src=\"https:\/\/ansefsc.org.br\/wp-content\/uploads\/2025\/04\/IMG_5248_Easy-Resize.com_.jpg\" alt=\"\" \/><\/li><li><img src=\"https:\/\/ansefsc.org.br\/wp-content\/uploads\/2025\/04\/IMG_5245_Easy-Resize.com_.jpg\" alt=\"\" \/><\/li><li><img src=\"https:\/\/ansefsc.org.br\/wp-content\/uploads\/2025\/04\/IMG_5237_Easy-Resize.com_.jpg\" alt=\"\" \/><\/li><li><img src=\"https:\/\/ansefsc.org.br\/wp-content\/uploads\/2025\/04\/IMG_5234_Easy-Resize.com_.jpg\" alt=\"\" \/><\/li><li><img src=\"https:\/\/ansefsc.org.br\/wp-content\/uploads\/2025\/04\/IMG_5232_Easy-Resize.com_.jpg\" alt=\"\" \/><\/li><li><img src=\"https:\/\/ansefsc.org.br\/wp-content\/uploads\/2025\/04\/IMG_5290_Easy-Resize.com_.jpg\" alt=\"\" \/><\/li><\/ul><\/div>[vc_column_text]<\/p>\n<p style=\"text-align: justify;\" data-prosemirror-content-type=\"node\" data-prosemirror-node-name=\"paragraph\" data-prosemirror-node-block=\"true\" data-pm-slice=\"1 1 []\">O tradicional caf\u00e9 da manh\u00e3 promovido pela Ansef\/SC teve um gostinho especial neste m\u00eas: al\u00e9m de reunir os servidores em um momento de confraterniza\u00e7\u00e3o, o evento marcou a abertura da Semana da Sa\u00fade da Pol\u00edcia Federal em Santa Catarina.<\/p>\n<p style=\"text-align: justify;\" data-prosemirror-content-type=\"node\" data-prosemirror-node-name=\"paragraph\" data-prosemirror-node-block=\"true\">Durante o caf\u00e9, que mais uma vez contou com o apoio da PF e do Sinpofesc, refor\u00e7amos a import\u00e2ncia do cuidado com o bem-estar f\u00edsico e mental dos policiais federais \u2014 ativos, aposentados e pensionistas.<\/p>\n<p style=\"text-align: justify;\" data-prosemirror-content-type=\"node\" data-prosemirror-node-name=\"paragraph\" data-prosemirror-node-block=\"true\">Nas fotos, \u00e9 poss\u00edvel ver uma mesa farta e cuidadosamente preparada, recheada de del\u00edcias para come\u00e7ar o dia com energia.<\/p>\n<p style=\"text-align: justify;\" data-prosemirror-content-type=\"node\" data-prosemirror-node-name=\"paragraph\" data-prosemirror-node-block=\"true\">Entre um gole de caf\u00e9 e uma boa conversa, os servidores tamb\u00e9m participaram de atividades de alongamento e aquecimento, dando o pontap\u00e9 inicial em uma programa\u00e7\u00e3o voltada \u00e0 promo\u00e7\u00e3o da sa\u00fade, da preven\u00e7\u00e3o e da qualidade de vida.<\/p>\n<p style=\"text-align: justify;\" data-prosemirror-content-type=\"node\" data-prosemirror-node-name=\"paragraph\" data-prosemirror-node-block=\"true\">Cuidar de quem cuida do Brasil \u00e9 mais do que necess\u00e1rio \u2014 \u00e9 essencial.<\/p>\n<p style=\"text-align: justify;\" data-prosemirror-content-type=\"node\" data-prosemirror-node-name=\"paragraph\" data-prosemirror-node-block=\"true\">Veja todos os registros, <a href=\"https:\/\/drive.google.com\/drive\/folders\/1qFj8ES6sgg_w6CZbbFkf6P0YQR7yFAXb?usp=sharing\">clique aqui<\/a>.<\/p>\n<p>[\/vc_column_text][\/vc_column][\/vc_row]<\/p>\n","protected":false},"excerpt":{"rendered":"<p>O tradicional caf\u00e9 da manh\u00e3 promovido pela Ansef\/SC teve um gostinho especial neste m\u00eas: al\u00e9m de reunir os servidores em um momento de confraterniza\u00e7\u00e3o, o evento marcou a abertura da Semana da Sa\u00fade da Pol\u00edcia Federal em Santa Catarina.<\/p>\n","protected":false},"author":8,"featured_media":5968,"comment_status":"closed","ping_status":"open","sticky":false,"template":"","format":"standard","meta":[],"categories":[44],"tags":[],"_links":{"self":[{"href":"https:\/\/ansefsc.org.br\/index.php\/wp-json\/wp\/v2\/posts\/5967"}],"collection":[{"href":"https:\/\/ansefsc.org.br\/index.php\/wp-json\/wp\/v2\/posts"}],"about":[{"href":"https:\/\/ansefsc.org.br\/index.php\/wp-json\/wp\/v2\/types\/post"}],"author":[{"embeddable":true,"href":"https:\/\/ansefsc.org.br\/index.php\/wp-json\/wp\/v2\/users\/8"}],"replies":[{"embeddable":true,"href":"https:\/\/ansefsc.org.br\/index.php\/wp-json\/wp\/v2\/comments?post=5967"}],"version-history":[{"count":2,"href":"https:\/\/ansefsc.org.br\/index.php\/wp-json\/wp\/v2\/posts\/5967\/revisions"}],"predecessor-version":[{"id":5982,"href":"https:\/\/ansefsc.org.br\/index.php\/wp-json\/wp\/v2\/posts\/5967\/revisions\/5982"}],"wp:featuredmedia":[{"embeddable":true,"href":"https:\/\/ansefsc.org.br\/index.php\/wp-json\/wp\/v2\/media\/5968"}],"wp:attachment":[{"href":"https:\/\/ansefsc.org.br\/index.php\/wp-json\/wp\/v2\/media?parent=5967"}],"wp:term":[{"taxonomy":"category","embeddable":true,"href":"https:\/\/ansefsc.org.br\/index.php\/wp-json\/wp\/v2\/categories?post=5967"},{"taxonomy":"post_tag","embeddable":true,"href":"https:\/\/ansefsc.org.br\/index.php\/wp-json\/wp\/v2\/tags?post=5967"}],"curies":[{"name":"wp","href":"https:\/\/api.w.org\/{rel}","templated":true}]}}