{"id":6039,"date":"2025-05-12T10:18:40","date_gmt":"2025-05-12T13:18:40","guid":{"rendered":"https:\/\/ansefsc.org.br\/?p=6039"},"modified":"2025-05-20T09:05:01","modified_gmt":"2025-05-20T12:05:01","slug":"ansef-sc-celebra-o-mes-das-maes-e-apresenta-nova-diretoria-em-evento-especial","status":"publish","type":"post","link":"https:\/\/ansefsc.org.br\/index.php\/2025\/05\/12\/ansef-sc-celebra-o-mes-das-maes-e-apresenta-nova-diretoria-em-evento-especial\/","title":{"rendered":"ANSEF\/SC celebra o M\u00eas das M\u00e3es e apresenta nova diretoria em evento especial"},"content":{"rendered":"<p style=\"text-align: justify;\">A ANSEF\/SC convida todos os associados e suas fam\u00edlias para um evento especial em comemora\u00e7\u00e3o ao M\u00eas das M\u00e3es e \u00e0 posse da nova diretoria, gest\u00e3o 2025\u20132028. O jantar festivo ser\u00e1 realizado no dia 30 de maio de 2025 (sexta-feira), \u00e0s 19h30, no Brand Centro de Eventos, localizado na Rua F\u00falvio Aducci, 757A, Estreito, Florian\u00f3polis \u2013 SC.<\/p>\n<p style=\"text-align: justify;\">A escolha da data foi estrategicamente planejada para celebrar o Dia das M\u00e3es ainda em maio, m\u00eas dedicado a elas, e, ao mesmo tempo, formalizar a posse da nova diretoria rec\u00e9m-empossada. A uni\u00e3o dessas duas ocasi\u00f5es promete uma noite de confraterniza\u00e7\u00e3o, reconhecimento e renova\u00e7\u00e3o, refor\u00e7ando os la\u00e7os entre os associados e a entidade.<\/p>\n<p style=\"text-align: justify;\">Para participar, \u00e9 imprescind\u00edvel confirmar presen\u00e7a at\u00e9 o dia 27 de maio de 2025 (ter\u00e7a-feira), pelos contatos: (48) 99627-0780 (WhatsApp) ou (48) 3348-4039 (liga\u00e7\u00e3o).<\/p>\n<p style=\"text-align: justify;\"><strong>S\u00f3cio, acompanhante e filhos at\u00e9 18 anos n\u00e3o pagam.<\/strong><\/p>\n<p style=\"text-align: justify;\"><strong>Filhos acima de 18 anos: R$ 50,00 | Noras e genros: R$ 100,00<\/strong><\/p>\n<p style=\"text-align: justify;\">N\u00e3o perca essa oportunidade de celebrar momentos especiais ao lado de colegas e familiares, em um ambiente acolhedor e festivo.<\/p>\n<p style=\"text-align: justify;\">Contamos com a sua presen\u00e7a!<\/p>\n","protected":false},"excerpt":{"rendered":"<p>A ANSEF\/SC convida todos os associados e suas fam\u00edlias para um evento especial em comemora\u00e7\u00e3o ao M\u00eas das M\u00e3es e \u00e0 posse da nova diretoria, gest\u00e3o 2025\u20132028. O jantar festivo ser\u00e1 realizado no dia 30 de maio de 2025 (sexta-feira), \u00e0s 19h30, no Brand Centro de Eventos, localizado na Rua F\u00falvio Aducci, 757A, Estreito, Florian\u00f3polis \u2013 SC. A escolha da data foi estrategicamente planejada para celebrar o Dia das M\u00e3es ainda em maio, m\u00eas dedicado a elas, e, ao mesmo tempo, formalizar a posse da nova diretoria rec\u00e9m-empossada. A uni\u00e3o dessas duas ocasi\u00f5es promete uma noite de confraterniza\u00e7\u00e3o, reconhecimento e renova\u00e7\u00e3o, refor\u00e7ando os la\u00e7os entre os associados e a entidade. Para participar, \u00e9 imprescind\u00edvel confirmar presen\u00e7a at\u00e9 o dia 27 de maio de 2025 (ter\u00e7a-feira), pelos contatos: (48) 99627-0780 (WhatsApp) ou (48) 3348-4039 (liga\u00e7\u00e3o). S\u00f3cio, acompanhante e filhos at\u00e9 18 anos n\u00e3o pagam. Filhos acima de 18 anos: R$ 50,00 | Noras e genros: R$ 100,00 N\u00e3o perca essa oportunidade de celebrar momentos especiais ao lado de colegas e familiares, em um ambiente acolhedor e festivo. Contamos com a sua presen\u00e7a!<\/p>\n","protected":false},"author":8,"featured_media":6040,"comment_status":"closed","ping_status":"open","sticky":false,"template":"","format":"standard","meta":[],"categories":[80,10],"tags":[],"_links":{"self":[{"href":"https:\/\/ansefsc.org.br\/index.php\/wp-json\/wp\/v2\/posts\/6039"}],"collection":[{"href":"https:\/\/ansefsc.org.br\/index.php\/wp-json\/wp\/v2\/posts"}],"about":[{"href":"https:\/\/ansefsc.org.br\/index.php\/wp-json\/wp\/v2\/types\/post"}],"author":[{"embeddable":true,"href":"https:\/\/ansefsc.org.br\/index.php\/wp-json\/wp\/v2\/users\/8"}],"replies":[{"embeddable":true,"href":"https:\/\/ansefsc.org.br\/index.php\/wp-json\/wp\/v2\/comments?post=6039"}],"version-history":[{"count":1,"href":"https:\/\/ansefsc.org.br\/index.php\/wp-json\/wp\/v2\/posts\/6039\/revisions"}],"predecessor-version":[{"id":6041,"href":"https:\/\/ansefsc.org.br\/index.php\/wp-json\/wp\/v2\/posts\/6039\/revisions\/6041"}],"wp:featuredmedia":[{"embeddable":true,"href":"https:\/\/ansefsc.org.br\/index.php\/wp-json\/wp\/v2\/media\/6040"}],"wp:attachment":[{"href":"https:\/\/ansefsc.org.br\/index.php\/wp-json\/wp\/v2\/media?parent=6039"}],"wp:term":[{"taxonomy":"category","embeddable":true,"href":"https:\/\/ansefsc.org.br\/index.php\/wp-json\/wp\/v2\/categories?post=6039"},{"taxonomy":"post_tag","embeddable":true,"href":"https:\/\/ansefsc.org.br\/index.php\/wp-json\/wp\/v2\/tags?post=6039"}],"curies":[{"name":"wp","href":"https:\/\/api.w.org\/{rel}","templated":true}]}}