{"id":6057,"date":"2025-05-22T17:41:21","date_gmt":"2025-05-22T20:41:21","guid":{"rendered":"https:\/\/ansefsc.org.br\/?p=6057"},"modified":"2025-05-22T17:41:21","modified_gmt":"2025-05-22T20:41:21","slug":"comunicado-importante-aos-associados-reajuste-do-plano-de-saude-unimed-pr","status":"publish","type":"post","link":"https:\/\/ansefsc.org.br\/index.php\/2025\/05\/22\/comunicado-importante-aos-associados-reajuste-do-plano-de-saude-unimed-pr\/","title":{"rendered":"Comunicado importante aos associados: Reajuste do Plano de Sa\u00fade Unimed\/PR"},"content":{"rendered":"<p style=\"text-align: justify;\">Prezados associados,<\/p>\n<p style=\"text-align: justify;\">A ANSEF\/SC, representada por seu presidente, Wagner Tiezerin, participou recentemente de uma reuni\u00e3o on-line com representantes das associa\u00e7\u00f5es do Paran\u00e1, Esp\u00edrito Santo, Foz do Igua\u00e7u e outras unidades, juntamente com a diretoria da UNIMED\/PR, com o objetivo de discutir o percentual de reajuste anual do plano de sa\u00fade.<\/p>\n<p style=\"text-align: justify;\">Informamos que, ap\u00f3s intensas negocia\u00e7\u00f5es, conseguimos reduzir significativamente a proposta inicial de aumento apresentada pela operadora. A UNIMED\/PR iniciou as tratativas propondo um reajuste de 12,5%, posteriormente apresentou uma nova proposta de 9,7%, e, gra\u00e7as ao empenho conjunto de todas as associa\u00e7\u00f5es envolvidas, conseguimos fechar em 9%, percentual que consideramos elevado, por\u00e9m foi o m\u00e1ximo poss\u00edvel diante da postura inflex\u00edvel adotada pela UNIMED\/PR.<\/p>\n<p style=\"text-align: justify;\">Ressaltamos que a ANSEF\/SC se mant\u00e9m atenta e comprometida na defesa dos interesses dos seus associados, buscando sempre condi\u00e7\u00f5es mais justas e acess\u00edveis, especialmente no que diz respeito \u00e0 sa\u00fade, que \u00e9 uma das nossas maiores prioridades.<\/p>\n<p style=\"text-align: justify;\">Agradecemos a confian\u00e7a de todos e seguimos \u00e0 disposi\u00e7\u00e3o para esclarecimentos.<\/p>\n<p style=\"text-align: right;\">Atenciosamente,<\/p>\n<p style=\"text-align: center;\">Diretoria da ANSEF\/SC<br \/>\nGest\u00e3o 2025\u20132028<\/p>\n","protected":false},"excerpt":{"rendered":"<p>A ANSEF\/SC, representada por seu presidente, Wagner Tiezerin, participou recentemente de uma reuni\u00e3o on-line com representantes das associa\u00e7\u00f5es do Paran\u00e1, Esp\u00edrito Santo, Foz do Igua\u00e7u e outras unidades, juntamente com a diretoria da UNIMED\/PR, com o objetivo de discutir o percentual de reajuste anual do plano de sa\u00fade.<\/p>\n","protected":false},"author":8,"featured_media":6058,"comment_status":"closed","ping_status":"open","sticky":false,"template":"","format":"standard","meta":[],"categories":[80,10],"tags":[],"_links":{"self":[{"href":"https:\/\/ansefsc.org.br\/index.php\/wp-json\/wp\/v2\/posts\/6057"}],"collection":[{"href":"https:\/\/ansefsc.org.br\/index.php\/wp-json\/wp\/v2\/posts"}],"about":[{"href":"https:\/\/ansefsc.org.br\/index.php\/wp-json\/wp\/v2\/types\/post"}],"author":[{"embeddable":true,"href":"https:\/\/ansefsc.org.br\/index.php\/wp-json\/wp\/v2\/users\/8"}],"replies":[{"embeddable":true,"href":"https:\/\/ansefsc.org.br\/index.php\/wp-json\/wp\/v2\/comments?post=6057"}],"version-history":[{"count":1,"href":"https:\/\/ansefsc.org.br\/index.php\/wp-json\/wp\/v2\/posts\/6057\/revisions"}],"predecessor-version":[{"id":6059,"href":"https:\/\/ansefsc.org.br\/index.php\/wp-json\/wp\/v2\/posts\/6057\/revisions\/6059"}],"wp:featuredmedia":[{"embeddable":true,"href":"https:\/\/ansefsc.org.br\/index.php\/wp-json\/wp\/v2\/media\/6058"}],"wp:attachment":[{"href":"https:\/\/ansefsc.org.br\/index.php\/wp-json\/wp\/v2\/media?parent=6057"}],"wp:term":[{"taxonomy":"category","embeddable":true,"href":"https:\/\/ansefsc.org.br\/index.php\/wp-json\/wp\/v2\/categories?post=6057"},{"taxonomy":"post_tag","embeddable":true,"href":"https:\/\/ansefsc.org.br\/index.php\/wp-json\/wp\/v2\/tags?post=6057"}],"curies":[{"name":"wp","href":"https:\/\/api.w.org\/{rel}","templated":true}]}}