{"id":6129,"date":"2025-06-09T16:24:41","date_gmt":"2025-06-09T19:24:41","guid":{"rendered":"https:\/\/ansefsc.org.br\/?p=6129"},"modified":"2025-07-30T17:11:15","modified_gmt":"2025-07-30T20:11:15","slug":"video-veja-os-registros-da-posse-da-nova-diretoria-e-homenagem-as-maes","status":"publish","type":"post","link":"https:\/\/ansefsc.org.br\/index.php\/2025\/06\/09\/video-veja-os-registros-da-posse-da-nova-diretoria-e-homenagem-as-maes\/","title":{"rendered":"V\u00eddeo com os melhores momentos da posse da nova diretoria e homenagem \u00e0s m\u00e3es"},"content":{"rendered":"<p>Na \u00faltima sexta-feira (30\/5), a ANSEF\/SC promoveu um evento especial que reuniu associados e familiares para celebrar o M\u00eas das M\u00e3es e marcar a posse da nova diretoria para a gest\u00e3o 2025\u20132028. Confira os registros desse momento especial,<\/p>\n<p>V\u00eddeo: Edmar Bernardes\/AnsefSC<\/p>\n","protected":false},"excerpt":{"rendered":"<p>Na \u00faltima sexta-feira (30\/5), a ANSEF\/SC promoveu um evento especial que reuniu associados e familiares para celebrar o M\u00eas das M\u00e3es e marcar a posse da nova diretoria para a gest\u00e3o 2025\u20132028. Confira os registros desse momento especial, V\u00eddeo: Edmar Bernardes\/AnsefSC<\/p>\n","protected":false},"author":8,"featured_media":6130,"comment_status":"closed","ping_status":"open","sticky":false,"template":"","format":"video","meta":[],"categories":[44],"tags":[],"_links":{"self":[{"href":"https:\/\/ansefsc.org.br\/index.php\/wp-json\/wp\/v2\/posts\/6129"}],"collection":[{"href":"https:\/\/ansefsc.org.br\/index.php\/wp-json\/wp\/v2\/posts"}],"about":[{"href":"https:\/\/ansefsc.org.br\/index.php\/wp-json\/wp\/v2\/types\/post"}],"author":[{"embeddable":true,"href":"https:\/\/ansefsc.org.br\/index.php\/wp-json\/wp\/v2\/users\/8"}],"replies":[{"embeddable":true,"href":"https:\/\/ansefsc.org.br\/index.php\/wp-json\/wp\/v2\/comments?post=6129"}],"version-history":[{"count":2,"href":"https:\/\/ansefsc.org.br\/index.php\/wp-json\/wp\/v2\/posts\/6129\/revisions"}],"predecessor-version":[{"id":6132,"href":"https:\/\/ansefsc.org.br\/index.php\/wp-json\/wp\/v2\/posts\/6129\/revisions\/6132"}],"wp:featuredmedia":[{"embeddable":true,"href":"https:\/\/ansefsc.org.br\/index.php\/wp-json\/wp\/v2\/media\/6130"}],"wp:attachment":[{"href":"https:\/\/ansefsc.org.br\/index.php\/wp-json\/wp\/v2\/media?parent=6129"}],"wp:term":[{"taxonomy":"category","embeddable":true,"href":"https:\/\/ansefsc.org.br\/index.php\/wp-json\/wp\/v2\/categories?post=6129"},{"taxonomy":"post_tag","embeddable":true,"href":"https:\/\/ansefsc.org.br\/index.php\/wp-json\/wp\/v2\/tags?post=6129"}],"curies":[{"name":"wp","href":"https:\/\/api.w.org\/{rel}","templated":true}]}}