{"id":614,"date":"2017-10-20T09:13:33","date_gmt":"2017-10-20T11:13:33","guid":{"rendered":"https:\/\/ansefsc.org.br\/?p=614"},"modified":"2017-11-29T11:32:05","modified_gmt":"2017-11-29T13:32:05","slug":"vii-mostra-de-artes-em-familia","status":"publish","type":"post","link":"https:\/\/ansefsc.org.br\/index.php\/2017\/10\/20\/vii-mostra-de-artes-em-familia\/","title":{"rendered":"VII Mostra de Artes em Fam\u00edlia"},"content":{"rendered":"<p><img decoding=\"async\" class=\"aligncenter\" src=\"http:\/\/www.ansefsc.org.br\/images\/dd.png\" alt=\"dd.png\" \/><\/p>\n<p><b>Prestigie a VII Mostra de Artes dos servidores da<\/b><\/p>\n<p><b>Pol\u00edcia Federal e seus familiares<\/b><\/p>\n<p>Quando:\u00a0<b>20 a 24\/11\/2017<\/b><\/p>\n<p>Hor\u00e1rio: das\u00a0<b>08:30 \u00e0s 17:30h<\/b><\/p>\n<p>Local<b>: Hall da SR\/SC<\/b><\/p>\n<p><b>\u00a0<\/b><\/p>\n<p><b>Objetivo:<\/b>\u00a0Socializar e valorizar os talentos individuais, oportunizando a apresenta\u00e7\u00e3o de trabalhos artesanais<br \/>\ndesenvolvidos por servidores da Pol\u00edcia Federal e seus familiares.<\/p>\n<p>Atividade que marca as comemora\u00e7\u00f5es do Dia do Policial Federal (16 de novembro).<\/p>\n<p><b>Organiza\u00e7\u00e3o:<\/b>\u00a0Parceria entre a SR\/PF\/SC e ANSEF\/SC<\/p>\n<p><b>Prestigie!<\/b><\/p>\n<p>Imprimir Ficha<\/p>\n<p><img decoding=\"async\" loading=\"lazy\" class=\"\" src=\"http:\/\/www.ansefsc.org.br\/images\/Ficha_de_inscri%C3%A7%C3%A3o_2017_-_Arte_em_Fam%C3%ADlia.jpg\" alt=\"Ficha de inscri\u00e7\u00e3o 2017 - Arte em Fam\u00edlia.jpg\" width=\"601\" height=\"832\" \/><\/p>\n<p><img decoding=\"async\" loading=\"lazy\" class=\"\" src=\"http:\/\/www.ansefsc.org.br\/images\/Projeto_arte_em_fam%C3%ADlia_2017_apresentar_para_SR.jpg\" alt=\"Projeto arte em fam\u00edlia 2017 (apresentar para SR).jpg\" width=\"576\" height=\"991\" \/><\/p>\n<p>&nbsp;<\/p>\n<p>&nbsp;<\/p>\n<p>&nbsp;<\/p>\n","protected":false},"excerpt":{"rendered":"<p>Prestigie a VII Mostra de Artes dos servidores da Pol\u00edcia Federal e seus familiares Quando:\u00a020 a 24\/11\/2017 Hor\u00e1rio: das\u00a008:30 \u00e0s 17:30h Local: Hall da SR\/SC \u00a0 Objetivo:\u00a0Socializar e valorizar os talentos individuais, oportunizando a apresenta\u00e7\u00e3o de trabalhos artesanais desenvolvidos por servidores da Pol\u00edcia Federal e seus familiares. Atividade que marca as comemora\u00e7\u00f5es do Dia do Policial Federal (16 de novembro). Organiza\u00e7\u00e3o:\u00a0Parceria entre a SR\/PF\/SC e ANSEF\/SC Prestigie! Imprimir Ficha &nbsp; &nbsp; &nbsp;<\/p>\n","protected":false},"author":8,"featured_media":615,"comment_status":"closed","ping_status":"open","sticky":false,"template":"","format":"standard","meta":[],"categories":[10],"tags":[],"_links":{"self":[{"href":"https:\/\/ansefsc.org.br\/index.php\/wp-json\/wp\/v2\/posts\/614"}],"collection":[{"href":"https:\/\/ansefsc.org.br\/index.php\/wp-json\/wp\/v2\/posts"}],"about":[{"href":"https:\/\/ansefsc.org.br\/index.php\/wp-json\/wp\/v2\/types\/post"}],"author":[{"embeddable":true,"href":"https:\/\/ansefsc.org.br\/index.php\/wp-json\/wp\/v2\/users\/8"}],"replies":[{"embeddable":true,"href":"https:\/\/ansefsc.org.br\/index.php\/wp-json\/wp\/v2\/comments?post=614"}],"version-history":[{"count":1,"href":"https:\/\/ansefsc.org.br\/index.php\/wp-json\/wp\/v2\/posts\/614\/revisions"}],"predecessor-version":[{"id":616,"href":"https:\/\/ansefsc.org.br\/index.php\/wp-json\/wp\/v2\/posts\/614\/revisions\/616"}],"wp:featuredmedia":[{"embeddable":true,"href":"https:\/\/ansefsc.org.br\/index.php\/wp-json\/wp\/v2\/media\/615"}],"wp:attachment":[{"href":"https:\/\/ansefsc.org.br\/index.php\/wp-json\/wp\/v2\/media?parent=614"}],"wp:term":[{"taxonomy":"category","embeddable":true,"href":"https:\/\/ansefsc.org.br\/index.php\/wp-json\/wp\/v2\/categories?post=614"},{"taxonomy":"post_tag","embeddable":true,"href":"https:\/\/ansefsc.org.br\/index.php\/wp-json\/wp\/v2\/tags?post=614"}],"curies":[{"name":"wp","href":"https:\/\/api.w.org\/{rel}","templated":true}]}}