{"id":6273,"date":"2025-09-02T11:13:55","date_gmt":"2025-09-02T14:13:55","guid":{"rendered":"https:\/\/ansefsc.org.br\/?p=6273"},"modified":"2025-09-02T11:13:55","modified_gmt":"2025-09-02T14:13:55","slug":"veja-as-fotos-do-xx-encontro-dos-jubilados-e-i-encontro-das-pensionistas","status":"publish","type":"post","link":"https:\/\/ansefsc.org.br\/index.php\/2025\/09\/02\/veja-as-fotos-do-xx-encontro-dos-jubilados-e-i-encontro-das-pensionistas\/","title":{"rendered":"Veja as fotos do XX Encontro dos Jubilados e I Encontro das Pensionistas"},"content":{"rendered":"<p>[vc_row][vc_column]<div class=\"flexslider wpb_content_element\"><ul class=\"slides\"><li><img src=\"https:\/\/ansefsc.org.br\/wp-content\/uploads\/2025\/09\/COLOCAR_Easy-Resize.com_.jpg\" alt=\"\" \/><\/li><li><img src=\"https:\/\/ansefsc.org.br\/wp-content\/uploads\/2025\/09\/008b_Easy-Resize.com_.jpg\" alt=\"\" \/><\/li><li><img src=\"https:\/\/ansefsc.org.br\/wp-content\/uploads\/2025\/09\/009_Easy-Resize.com_.jpg\" alt=\"\" \/><\/li><li><img src=\"https:\/\/ansefsc.org.br\/wp-content\/uploads\/2025\/09\/011_Easy-Resize.com_.jpg\" alt=\"\" \/><\/li><li><img src=\"https:\/\/ansefsc.org.br\/wp-content\/uploads\/2025\/09\/013a_Easy-Resize.com_.jpg\" alt=\"\" \/><\/li><li><img src=\"https:\/\/ansefsc.org.br\/wp-content\/uploads\/2025\/09\/013b_Easy-Resize.com_.jpg\" alt=\"\" \/><\/li><li><img src=\"https:\/\/ansefsc.org.br\/wp-content\/uploads\/2025\/09\/031_Easy-Resize.com_.jpg\" alt=\"\" \/><\/li><li><img src=\"https:\/\/ansefsc.org.br\/wp-content\/uploads\/2025\/09\/COLOCAR-2_Easy-Resize.com_.jpg\" alt=\"\" \/><\/li><li><img src=\"https:\/\/ansefsc.org.br\/wp-content\/uploads\/2025\/09\/IMG_6267_Easy-Resize.com_.jpg\" alt=\"\" \/><\/li><li><img src=\"https:\/\/ansefsc.org.br\/wp-content\/uploads\/2025\/09\/IMG_6276_Easy-Resize.com_.jpg\" alt=\"\" \/><\/li><li><img src=\"https:\/\/ansefsc.org.br\/wp-content\/uploads\/2025\/09\/IMG_6285_Easy-Resize.com_.jpg\" alt=\"\" \/><\/li><li><img src=\"https:\/\/ansefsc.org.br\/wp-content\/uploads\/2025\/09\/Pessoal-Ansef_Easy-Resize.com_.jpg\" alt=\"\" \/><\/li><\/ul><\/div>[vc_column_text]<\/p>\n<p style=\"text-align: justify;\">Na noite de 30 de agosto, a ANSEF\/SC reuniu seus associados para momentos de reencontro e celebra\u00e7\u00e3o durante o XX Encontro dos Jubilados e o I Encontro das Pensionistas, realizados no Clube Atl\u00e9tico 6 de Janeiro, em Florian\u00f3polis.<\/p>\n<p style=\"text-align: justify;\">O evento contou com jantar, m\u00fasica ambiente e muita troca de hist\u00f3rias, refor\u00e7ando os la\u00e7os entre a associa\u00e7\u00e3o e seus membros. Foi uma noite marcada por alegria, confraterniza\u00e7\u00e3o e lembran\u00e7as compartilhadas, celebrando o papel de cada aposentado e pensionista na trajet\u00f3ria da ANSEF\/SC.<\/p>\n<p style=\"text-align: justify;\">Agradecemos a todos os associados que participaram e tornaram este momento inesquec\u00edvel.<\/p>\n<p style=\"text-align: justify;\">Confira todos os registros,\u00a0<a href=\"https:\/\/photos.app.goo.gl\/FBfKNzhCfr7pZoPD7\">clique aqui<\/a>.<\/p>\n<p>[\/vc_column_text][\/vc_column][\/vc_row]<\/p>\n","protected":false},"excerpt":{"rendered":"<p>Na noite de 30 de agosto, a ANSEF\/SC reuniu seus associados para momentos de reencontro e celebra\u00e7\u00e3o durante o XX Encontro dos Jubilados e o I Encontro das Pensionistas, realizados no Clube Atl\u00e9tico 6 de Janeiro, em Florian\u00f3polis.<\/p>\n","protected":false},"author":8,"featured_media":6282,"comment_status":"closed","ping_status":"open","sticky":false,"template":"","format":"standard","meta":[],"categories":[44,10],"tags":[],"_links":{"self":[{"href":"https:\/\/ansefsc.org.br\/index.php\/wp-json\/wp\/v2\/posts\/6273"}],"collection":[{"href":"https:\/\/ansefsc.org.br\/index.php\/wp-json\/wp\/v2\/posts"}],"about":[{"href":"https:\/\/ansefsc.org.br\/index.php\/wp-json\/wp\/v2\/types\/post"}],"author":[{"embeddable":true,"href":"https:\/\/ansefsc.org.br\/index.php\/wp-json\/wp\/v2\/users\/8"}],"replies":[{"embeddable":true,"href":"https:\/\/ansefsc.org.br\/index.php\/wp-json\/wp\/v2\/comments?post=6273"}],"version-history":[{"count":2,"href":"https:\/\/ansefsc.org.br\/index.php\/wp-json\/wp\/v2\/posts\/6273\/revisions"}],"predecessor-version":[{"id":6289,"href":"https:\/\/ansefsc.org.br\/index.php\/wp-json\/wp\/v2\/posts\/6273\/revisions\/6289"}],"wp:featuredmedia":[{"embeddable":true,"href":"https:\/\/ansefsc.org.br\/index.php\/wp-json\/wp\/v2\/media\/6282"}],"wp:attachment":[{"href":"https:\/\/ansefsc.org.br\/index.php\/wp-json\/wp\/v2\/media?parent=6273"}],"wp:term":[{"taxonomy":"category","embeddable":true,"href":"https:\/\/ansefsc.org.br\/index.php\/wp-json\/wp\/v2\/categories?post=6273"},{"taxonomy":"post_tag","embeddable":true,"href":"https:\/\/ansefsc.org.br\/index.php\/wp-json\/wp\/v2\/tags?post=6273"}],"curies":[{"name":"wp","href":"https:\/\/api.w.org\/{rel}","templated":true}]}}