{"id":6513,"date":"2025-12-17T08:17:53","date_gmt":"2025-12-17T11:17:53","guid":{"rendered":"https:\/\/ansefsc.org.br\/?p=6513"},"modified":"2025-12-17T08:18:47","modified_gmt":"2025-12-17T11:18:47","slug":"ansef-sc-participa-da-entrega-de-cestas-de-natal-a-colaboradores-terceirizados","status":"publish","type":"post","link":"https:\/\/ansefsc.org.br\/index.php\/2025\/12\/17\/ansef-sc-participa-da-entrega-de-cestas-de-natal-a-colaboradores-terceirizados\/","title":{"rendered":"ANSEF\/SC participa da entrega de cestas de Natal a colaboradores terceirizados"},"content":{"rendered":"<p><span style=\"color: #000000;\">A ANSEF\/SC, por meio de seu vice-diretor administrativo, Ant\u00f4nio Luiz Muniz, participou da a\u00e7\u00e3o de entrega de cestas de Natal aos colaboradores terceirizados da Superintend\u00eancia Regional de Santa Catarina.<\/span><\/p>\n<p><span style=\"color: #000000;\">A iniciativa, realizada neste per\u00edodo de fim de ano, reuniu esfor\u00e7os do Sinpofesc, da ADPF, da APCF e da pr\u00f3pria Superintend\u00eancia Regional, refor\u00e7ando o esp\u00edrito de coopera\u00e7\u00e3o entre as entidades.<\/span><\/p>\n<p><span style=\"color: #000000;\">Para a ANSEF\/SC, a\u00e7\u00f5es como essa s\u00e3o fundamentais para reconhecer e valorizar todos os profissionais que contribuem diariamente para o trabalho da Pol\u00edcia Federal. Que o Natal seja de esperan\u00e7a e o novo ano traga conquistas para todos.<\/span><\/p>\n<p><img decoding=\"async\" loading=\"lazy\" class=\"aligncenter wp-image-6514 size-large\" src=\"https:\/\/ansefsc.org.br\/wp-content\/uploads\/2025\/12\/70eb0987-c916-42c8-93fe-7f4798cabcdc-768x1024.jpg\" alt=\"\" width=\"768\" height=\"1024\" srcset=\"https:\/\/ansefsc.org.br\/wp-content\/uploads\/2025\/12\/70eb0987-c916-42c8-93fe-7f4798cabcdc-768x1024.jpg 768w, https:\/\/ansefsc.org.br\/wp-content\/uploads\/2025\/12\/70eb0987-c916-42c8-93fe-7f4798cabcdc-225x300.jpg 225w, https:\/\/ansefsc.org.br\/wp-content\/uploads\/2025\/12\/70eb0987-c916-42c8-93fe-7f4798cabcdc-1152x1536.jpg 1152w, https:\/\/ansefsc.org.br\/wp-content\/uploads\/2025\/12\/70eb0987-c916-42c8-93fe-7f4798cabcdc.jpg 1200w\" sizes=\"(max-width: 768px) 100vw, 768px\" \/><\/p>\n","protected":false},"excerpt":{"rendered":"<p>A ANSEF\/SC, por meio de seu vice-diretor administrativo, Ant\u00f4nio Luiz Muniz, participou da a\u00e7\u00e3o de entrega de cestas de Natal aos colaboradores terceirizados da Superintend\u00eancia Regional de Santa Catarina. A iniciativa, realizada neste per\u00edodo de fim de ano, reuniu esfor\u00e7os do Sinpofesc, da ADPF, da APCF e da pr\u00f3pria Superintend\u00eancia Regional, refor\u00e7ando o esp\u00edrito de coopera\u00e7\u00e3o entre as entidades. Para a ANSEF\/SC, a\u00e7\u00f5es como essa s\u00e3o fundamentais para reconhecer e valorizar todos os profissionais que contribuem diariamente para o trabalho da Pol\u00edcia Federal. Que o Natal seja de esperan\u00e7a e o novo ano traga conquistas para todos.<\/p>\n","protected":false},"author":8,"featured_media":6515,"comment_status":"closed","ping_status":"open","sticky":false,"template":"","format":"standard","meta":[],"categories":[10],"tags":[],"_links":{"self":[{"href":"https:\/\/ansefsc.org.br\/index.php\/wp-json\/wp\/v2\/posts\/6513"}],"collection":[{"href":"https:\/\/ansefsc.org.br\/index.php\/wp-json\/wp\/v2\/posts"}],"about":[{"href":"https:\/\/ansefsc.org.br\/index.php\/wp-json\/wp\/v2\/types\/post"}],"author":[{"embeddable":true,"href":"https:\/\/ansefsc.org.br\/index.php\/wp-json\/wp\/v2\/users\/8"}],"replies":[{"embeddable":true,"href":"https:\/\/ansefsc.org.br\/index.php\/wp-json\/wp\/v2\/comments?post=6513"}],"version-history":[{"count":2,"href":"https:\/\/ansefsc.org.br\/index.php\/wp-json\/wp\/v2\/posts\/6513\/revisions"}],"predecessor-version":[{"id":6517,"href":"https:\/\/ansefsc.org.br\/index.php\/wp-json\/wp\/v2\/posts\/6513\/revisions\/6517"}],"wp:featuredmedia":[{"embeddable":true,"href":"https:\/\/ansefsc.org.br\/index.php\/wp-json\/wp\/v2\/media\/6515"}],"wp:attachment":[{"href":"https:\/\/ansefsc.org.br\/index.php\/wp-json\/wp\/v2\/media?parent=6513"}],"wp:term":[{"taxonomy":"category","embeddable":true,"href":"https:\/\/ansefsc.org.br\/index.php\/wp-json\/wp\/v2\/categories?post=6513"},{"taxonomy":"post_tag","embeddable":true,"href":"https:\/\/ansefsc.org.br\/index.php\/wp-json\/wp\/v2\/tags?post=6513"}],"curies":[{"name":"wp","href":"https:\/\/api.w.org\/{rel}","templated":true}]}}