{"id":6598,"date":"2026-03-13T16:26:05","date_gmt":"2026-03-13T19:26:05","guid":{"rendered":"https:\/\/ansefsc.org.br\/?p=6598"},"modified":"2026-03-17T09:18:10","modified_gmt":"2026-03-17T12:18:10","slug":"confira-os-registros-do-nosso-tradicional-cafe-em-marco","status":"publish","type":"post","link":"https:\/\/ansefsc.org.br\/index.php\/2026\/03\/13\/confira-os-registros-do-nosso-tradicional-cafe-em-marco\/","title":{"rendered":"Confira os registros do nosso tradicional caf\u00e9 em mar\u00e7o"},"content":{"rendered":"<p>[vc_row][vc_column text_color=&#8221;custom&#8221; custom_text_color=&#8221;#000000&#8243;]<div class=\"flexslider wpb_content_element\"><ul class=\"slides\"><li><img src=\"https:\/\/ansefsc.org.br\/wp-content\/uploads\/2026\/03\/IMG-20260313-WA0015.jpg.jpeg\" alt=\"\" \/><\/li><li><img src=\"https:\/\/ansefsc.org.br\/wp-content\/uploads\/2026\/03\/IMG-20260313-WA0016.jpg.jpeg\" alt=\"\" \/><\/li><li><img src=\"https:\/\/ansefsc.org.br\/wp-content\/uploads\/2026\/03\/IMG-20260313-WA0017.jpg.jpeg\" alt=\"\" \/><\/li><li><img src=\"https:\/\/ansefsc.org.br\/wp-content\/uploads\/2026\/03\/IMG-20260313-WA0018.jpg.jpeg\" alt=\"\" \/><\/li><li><img src=\"https:\/\/ansefsc.org.br\/wp-content\/uploads\/2026\/03\/IMG-20260313-WA0039.jpg.jpeg\" alt=\"\" \/><\/li><li><img src=\"https:\/\/ansefsc.org.br\/wp-content\/uploads\/2026\/03\/IMG-20260313-WA0019.jpg.jpeg\" alt=\"\" \/><\/li><li><img src=\"https:\/\/ansefsc.org.br\/wp-content\/uploads\/2026\/03\/IMG-20260313-WA0020.jpg.jpeg\" alt=\"\" \/><\/li><li><img src=\"https:\/\/ansefsc.org.br\/wp-content\/uploads\/2026\/03\/IMG-20260313-WA0021.jpg.jpeg\" alt=\"\" \/><\/li><li><img src=\"https:\/\/ansefsc.org.br\/wp-content\/uploads\/2026\/03\/IMG-20260313-WA0022.jpg.jpeg\" alt=\"\" \/><\/li><li><img src=\"https:\/\/ansefsc.org.br\/wp-content\/uploads\/2026\/03\/IMG-20260313-WA0023.jpg.jpeg\" alt=\"\" \/><\/li><li><img src=\"https:\/\/ansefsc.org.br\/wp-content\/uploads\/2026\/03\/IMG-20260313-WA0024.jpg.jpeg\" alt=\"\" \/><\/li><li><img src=\"https:\/\/ansefsc.org.br\/wp-content\/uploads\/2026\/03\/IMG-20260313-WA0025.jpg.jpeg\" alt=\"\" \/><\/li><\/ul><\/div>[vc_column_text]A quinta-feira (12\/3) foi especial para os policiais federais em Santa Catarina. Como j\u00e1 virou tradi\u00e7\u00e3o, servidores da ativa e aposentados se reuniram na sede da superintend\u00eancia para um caf\u00e9 da manh\u00e3 especial, marcado por boas conversas animadas e reencontros.<\/p>\n<p>O encontro \u00e9 realizado pela Ansef\/SC em parceria com o Sinpofesc e a SR\/PF\/SC e j\u00e1 se consolidou como um importante momento de integra\u00e7\u00e3o, troca de experi\u00eancias e reconhecimento entre colegas.<\/p>\n<p>Neste m\u00eas, o caf\u00e9 foi dedicado \u00e0s mulheres, em uma homenagem especial \u00e0 presen\u00e7a e \u00e0 contribui\u00e7\u00e3o feminina na Pol\u00edcia Federal.[\/vc_column_text][\/vc_column][\/vc_row][vc_row][vc_column width=&#8221;1\/1&#8243;]<div class=\"video-embed  wpb_content_element\"><iframe title=\"Confira os registros do Caf\u00e9 da Manh\u00e3 de Mar\u00e7o, promovido pela Ansef\/SC, Sinpofesc e SR\/PF\/SC\" width=\"1161\" height=\"653\" src=\"https:\/\/www.youtube.com\/embed\/oBBnIsF4ZjY?feature=oembed\" frameborder=\"0\" allow=\"accelerometer; autoplay; clipboard-write; encrypted-media; gyroscope; picture-in-picture; web-share\" referrerpolicy=\"strict-origin-when-cross-origin\" allowfullscreen><\/iframe><\/div>[\/vc_column][\/vc_row]<\/p>\n","protected":false},"excerpt":{"rendered":"<p>[vc_row][vc_column text_color=&#8221;custom&#8221; custom_text_color=&#8221;#000000&#8243;][vc_column_text]A quinta-feira (12\/3) foi especial para os policiais federais em Santa Catarina. Como j\u00e1 virou tradi\u00e7\u00e3o, servidores da ativa e aposentados se reuniram na sede da superintend\u00eancia para um caf\u00e9 da manh\u00e3 especial, marcado por boas conversas animadas e reencontros. O encontro \u00e9 realizado pela Ansef\/SC em parceria com o Sinpofesc e a SR\/PF\/SC e j\u00e1 se consolidou como um importante momento de integra\u00e7\u00e3o, troca de experi\u00eancias e reconhecimento entre colegas. Neste m\u00eas, o caf\u00e9 foi dedicado \u00e0s mulheres, em uma homenagem especial \u00e0 presen\u00e7a e \u00e0 contribui\u00e7\u00e3o feminina na Pol\u00edcia Federal.[\/vc_column_text][\/vc_column][\/vc_row][vc_row][vc_column width=&#8221;1\/1&#8243;][\/vc_column][\/vc_row]<\/p>\n","protected":false},"author":8,"featured_media":6612,"comment_status":"closed","ping_status":"open","sticky":false,"template":"","format":"standard","meta":[],"categories":[44,10],"tags":[],"_links":{"self":[{"href":"https:\/\/ansefsc.org.br\/index.php\/wp-json\/wp\/v2\/posts\/6598"}],"collection":[{"href":"https:\/\/ansefsc.org.br\/index.php\/wp-json\/wp\/v2\/posts"}],"about":[{"href":"https:\/\/ansefsc.org.br\/index.php\/wp-json\/wp\/v2\/types\/post"}],"author":[{"embeddable":true,"href":"https:\/\/ansefsc.org.br\/index.php\/wp-json\/wp\/v2\/users\/8"}],"replies":[{"embeddable":true,"href":"https:\/\/ansefsc.org.br\/index.php\/wp-json\/wp\/v2\/comments?post=6598"}],"version-history":[{"count":5,"href":"https:\/\/ansefsc.org.br\/index.php\/wp-json\/wp\/v2\/posts\/6598\/revisions"}],"predecessor-version":[{"id":6617,"href":"https:\/\/ansefsc.org.br\/index.php\/wp-json\/wp\/v2\/posts\/6598\/revisions\/6617"}],"wp:featuredmedia":[{"embeddable":true,"href":"https:\/\/ansefsc.org.br\/index.php\/wp-json\/wp\/v2\/media\/6612"}],"wp:attachment":[{"href":"https:\/\/ansefsc.org.br\/index.php\/wp-json\/wp\/v2\/media?parent=6598"}],"wp:term":[{"taxonomy":"category","embeddable":true,"href":"https:\/\/ansefsc.org.br\/index.php\/wp-json\/wp\/v2\/categories?post=6598"},{"taxonomy":"post_tag","embeddable":true,"href":"https:\/\/ansefsc.org.br\/index.php\/wp-json\/wp\/v2\/tags?post=6598"}],"curies":[{"name":"wp","href":"https:\/\/api.w.org\/{rel}","templated":true}]}}