{"id":6636,"date":"2026-04-03T19:33:03","date_gmt":"2026-04-03T22:33:03","guid":{"rendered":"https:\/\/ansefsc.org.br\/?p=6636"},"modified":"2026-04-03T19:34:40","modified_gmt":"2026-04-03T22:34:40","slug":"ansef-sc-fara-churrasco-para-associados-em-21-de-abril-saiba-detalhes","status":"publish","type":"post","link":"https:\/\/ansefsc.org.br\/index.php\/2026\/04\/03\/ansef-sc-fara-churrasco-para-associados-em-21-de-abril-saiba-detalhes\/","title":{"rendered":"ANSEF\/SC promove churrasco para associados em 21 de abril: saiba detalhes"},"content":{"rendered":"<p style=\"color: #000000;\">A Ansef\/SC prepara um momento especial para reunir seus associados em um ambiente de confraterniza\u00e7\u00e3o e valoriza\u00e7\u00e3o.<\/p>\n<p style=\"color: #000000;\">No dia 21 de abril, feriado de Tiradentes, tamb\u00e9m marcado como o Dia do Policial, o encontro ser\u00e1 no S\u00edtio 3 Meninas, em Ratones, Florian\u00f3polis.<\/p>\n<p style=\"color: #000000;\">Mais do que um churrasco, a proposta \u00e9 fortalecer os la\u00e7os entre ativos e aposentados, reconhecendo a trajet\u00f3ria de quem constr\u00f3i a Pol\u00edcia Federal todos os dias.<\/p>\n<p style=\"color: #000000;\"><strong>Saiba detalhes:<\/strong><\/p>\n<p><img decoding=\"async\" loading=\"lazy\" class=\"aligncenter wp-image-6637 size-full\" src=\"https:\/\/ansefsc.org.br\/wp-content\/uploads\/2026\/04\/WhatsApp-Image-2026-04-03-at-10.34.44.jpeg\" alt=\"\" width=\"1061\" height=\"1500\" srcset=\"https:\/\/ansefsc.org.br\/wp-content\/uploads\/2026\/04\/WhatsApp-Image-2026-04-03-at-10.34.44.jpeg 1061w, https:\/\/ansefsc.org.br\/wp-content\/uploads\/2026\/04\/WhatsApp-Image-2026-04-03-at-10.34.44-212x300.jpeg 212w, https:\/\/ansefsc.org.br\/wp-content\/uploads\/2026\/04\/WhatsApp-Image-2026-04-03-at-10.34.44-724x1024.jpeg 724w, https:\/\/ansefsc.org.br\/wp-content\/uploads\/2026\/04\/WhatsApp-Image-2026-04-03-at-10.34.44-768x1086.jpeg 768w\" sizes=\"(max-width: 1061px) 100vw, 1061px\" \/><\/p>\n","protected":false},"excerpt":{"rendered":"<p>A Ansef\/SC prepara um momento especial para reunir seus associados em um ambiente de confraterniza\u00e7\u00e3o e valoriza\u00e7\u00e3o. No dia 21 de abril, feriado de Tiradentes, tamb\u00e9m marcado como o Dia do Policial, o encontro ser\u00e1 no S\u00edtio 3 Meninas, em Ratones, Florian\u00f3polis. Mais do que um churrasco, a proposta \u00e9 fortalecer os la\u00e7os entre ativos e aposentados, reconhecendo a trajet\u00f3ria de quem constr\u00f3i a Pol\u00edcia Federal todos os dias. Saiba detalhes:<\/p>\n","protected":false},"author":8,"featured_media":6638,"comment_status":"closed","ping_status":"open","sticky":false,"template":"","format":"standard","meta":[],"categories":[10],"tags":[],"_links":{"self":[{"href":"https:\/\/ansefsc.org.br\/index.php\/wp-json\/wp\/v2\/posts\/6636"}],"collection":[{"href":"https:\/\/ansefsc.org.br\/index.php\/wp-json\/wp\/v2\/posts"}],"about":[{"href":"https:\/\/ansefsc.org.br\/index.php\/wp-json\/wp\/v2\/types\/post"}],"author":[{"embeddable":true,"href":"https:\/\/ansefsc.org.br\/index.php\/wp-json\/wp\/v2\/users\/8"}],"replies":[{"embeddable":true,"href":"https:\/\/ansefsc.org.br\/index.php\/wp-json\/wp\/v2\/comments?post=6636"}],"version-history":[{"count":2,"href":"https:\/\/ansefsc.org.br\/index.php\/wp-json\/wp\/v2\/posts\/6636\/revisions"}],"predecessor-version":[{"id":6640,"href":"https:\/\/ansefsc.org.br\/index.php\/wp-json\/wp\/v2\/posts\/6636\/revisions\/6640"}],"wp:featuredmedia":[{"embeddable":true,"href":"https:\/\/ansefsc.org.br\/index.php\/wp-json\/wp\/v2\/media\/6638"}],"wp:attachment":[{"href":"https:\/\/ansefsc.org.br\/index.php\/wp-json\/wp\/v2\/media?parent=6636"}],"wp:term":[{"taxonomy":"category","embeddable":true,"href":"https:\/\/ansefsc.org.br\/index.php\/wp-json\/wp\/v2\/categories?post=6636"},{"taxonomy":"post_tag","embeddable":true,"href":"https:\/\/ansefsc.org.br\/index.php\/wp-json\/wp\/v2\/tags?post=6636"}],"curies":[{"name":"wp","href":"https:\/\/api.w.org\/{rel}","templated":true}]}}