{"id":6645,"date":"2026-04-27T15:20:19","date_gmt":"2026-04-27T18:20:19","guid":{"rendered":"https:\/\/ansefsc.org.br\/?p=6645"},"modified":"2026-04-27T15:29:54","modified_gmt":"2026-04-27T18:29:54","slug":"6645","status":"publish","type":"post","link":"https:\/\/ansefsc.org.br\/index.php\/2026\/04\/27\/6645\/","title":{"rendered":"Confira os registros do Churrasco da Ansef\/SC"},"content":{"rendered":"<p>Um dia para guardar na mem\u00f3ria de quem esteve presente. Assim foi o nosso churrasco de 21 de abril, que reuniu colegas em uma data simb\u00f3lica: Tiradentes e o Dia do Policial.<\/p>\n<p>Mais de 200 associados marcaram presen\u00e7a em um encontro de integra\u00e7\u00e3o, com boa conversa, m\u00fasica e momentos de descontra\u00e7\u00e3o \u2014 refor\u00e7ando la\u00e7os e valorizando quem faz parte da nossa hist\u00f3ria.<\/p>\n<p><strong>CONFIRA OS REGISTROS FOTOGR\u00c1FICOS <a href=\"https:\/\/photos.app.goo.gl\/JJXrfsVgdynYZByE8\" target=\"_blank\" rel=\"noopener\">CLICANDO NESSE LINK<\/a> E ASSISTA AO V\u00cdDEO ABAIXO:\u00a0<\/strong><\/p>\n<p><iframe loading=\"lazy\" title=\"YouTube video player\" src=\"https:\/\/www.youtube.com\/embed\/Hy6SekBboFw?si=ws4a6MMegxk-C9O9\" width=\"560\" height=\"315\" frameborder=\"0\" allowfullscreen=\"allowfullscreen\"><\/iframe><\/p>\n","protected":false},"excerpt":{"rendered":"<p>Um dia para guardar na mem\u00f3ria de quem esteve presente. Assim foi o nosso churrasco de 21 de abril, que reuniu colegas em uma data simb\u00f3lica: Tiradentes e o Dia do Policial. Mais de 200 associados marcaram presen\u00e7a em um encontro de integra\u00e7\u00e3o, com boa conversa, m\u00fasica e momentos de descontra\u00e7\u00e3o \u2014 refor\u00e7ando la\u00e7os e valorizando quem faz parte da nossa hist\u00f3ria. CONFIRA OS REGISTROS FOTOGR\u00c1FICOS CLICANDO NESSE LINK E ASSISTA AO V\u00cdDEO ABAIXO:\u00a0<\/p>\n","protected":false},"author":8,"featured_media":6646,"comment_status":"closed","ping_status":"open","sticky":false,"template":"","format":"gallery","meta":[],"categories":[10],"tags":[],"_links":{"self":[{"href":"https:\/\/ansefsc.org.br\/index.php\/wp-json\/wp\/v2\/posts\/6645"}],"collection":[{"href":"https:\/\/ansefsc.org.br\/index.php\/wp-json\/wp\/v2\/posts"}],"about":[{"href":"https:\/\/ansefsc.org.br\/index.php\/wp-json\/wp\/v2\/types\/post"}],"author":[{"embeddable":true,"href":"https:\/\/ansefsc.org.br\/index.php\/wp-json\/wp\/v2\/users\/8"}],"replies":[{"embeddable":true,"href":"https:\/\/ansefsc.org.br\/index.php\/wp-json\/wp\/v2\/comments?post=6645"}],"version-history":[{"count":2,"href":"https:\/\/ansefsc.org.br\/index.php\/wp-json\/wp\/v2\/posts\/6645\/revisions"}],"predecessor-version":[{"id":6654,"href":"https:\/\/ansefsc.org.br\/index.php\/wp-json\/wp\/v2\/posts\/6645\/revisions\/6654"}],"wp:featuredmedia":[{"embeddable":true,"href":"https:\/\/ansefsc.org.br\/index.php\/wp-json\/wp\/v2\/media\/6646"}],"wp:attachment":[{"href":"https:\/\/ansefsc.org.br\/index.php\/wp-json\/wp\/v2\/media?parent=6645"}],"wp:term":[{"taxonomy":"category","embeddable":true,"href":"https:\/\/ansefsc.org.br\/index.php\/wp-json\/wp\/v2\/categories?post=6645"},{"taxonomy":"post_tag","embeddable":true,"href":"https:\/\/ansefsc.org.br\/index.php\/wp-json\/wp\/v2\/tags?post=6645"}],"curies":[{"name":"wp","href":"https:\/\/api.w.org\/{rel}","templated":true}]}}