{"id":6655,"date":"2026-04-29T15:20:52","date_gmt":"2026-04-29T18:20:52","guid":{"rendered":"https:\/\/ansefsc.org.br\/?p=6655"},"modified":"2026-04-29T15:32:20","modified_gmt":"2026-04-29T18:32:20","slug":"confira-os-registros-do-cafe-da-manha-de-abril","status":"publish","type":"post","link":"https:\/\/ansefsc.org.br\/index.php\/2026\/04\/29\/confira-os-registros-do-cafe-da-manha-de-abril\/","title":{"rendered":"Confira os registros do caf\u00e9 da manh\u00e3 de abril"},"content":{"rendered":"<p style=\"color: #000000;\">Na \u00faltima sexta-feira, 24 de abril, a Ansef\/SC, juntamente com o Sinpofesc e a SR\/PF\/SC, promoveu mais uma edi\u00e7\u00e3o do seu tradicional caf\u00e9 mensal, reunindo associados, servidores da ativa e aposentados em um momento de integra\u00e7\u00e3o e reconhecimento.<\/p>\n<p style=\"color: #000000;\">O clima foi de reencontro, troca de experi\u00eancias e fortalecimento dos la\u00e7os constru\u00eddos ao longo dos anos na Pol\u00edcia Federal. Um dos momentos mais marcantes foi a homenagem \u00e0 servidora Elisete, que completou 50 anos de dedica\u00e7\u00e3o \u00e0 institui\u00e7\u00e3o \u2014 trajet\u00f3ria que simboliza o compromisso e a hist\u00f3ria de tantos profissionais que ajudaram a construir a PF em Santa Catarina.<\/p>\n<p style=\"color: #000000;\"><strong>Veja os registros do momento em v\u00eddeo ou <a href=\"https:\/\/photos.app.goo.gl\/3U3YjGm2oPUtcXgN7\">clique aqui para acessar o \u00e1lbum de fotos do evento<\/a>:<\/strong><\/p>\n<p><iframe loading=\"lazy\" title=\"YouTube video player\" src=\"https:\/\/www.youtube.com\/embed\/wcVwmwwzIUI?si=2c-UMHNPKdbFYrpO\" width=\"560\" height=\"315\" frameborder=\"0\" allowfullscreen=\"allowfullscreen\"><\/iframe><\/p>\n","protected":false},"excerpt":{"rendered":"<p>Na \u00faltima sexta-feira, 24 de abril, a Ansef\/SC, juntamente com o Sinpofesc e a SR\/PF\/SC, promoveu mais uma edi\u00e7\u00e3o do seu tradicional caf\u00e9 mensal, reunindo associados, servidores da ativa e aposentados em um momento de integra\u00e7\u00e3o e reconhecimento. O clima foi de reencontro, troca de experi\u00eancias e fortalecimento dos la\u00e7os constru\u00eddos ao longo dos anos na Pol\u00edcia Federal. Um dos momentos mais marcantes foi a homenagem \u00e0 servidora Elisete, que completou 50 anos de dedica\u00e7\u00e3o \u00e0 institui\u00e7\u00e3o \u2014 trajet\u00f3ria que simboliza o compromisso e a hist\u00f3ria de tantos profissionais que ajudaram a construir a PF em Santa Catarina. Veja os registros do momento em v\u00eddeo ou clique aqui para acessar o \u00e1lbum de fotos do evento:<\/p>\n","protected":false},"author":8,"featured_media":6657,"comment_status":"closed","ping_status":"open","sticky":false,"template":"","format":"gallery","meta":[],"categories":[44],"tags":[],"_links":{"self":[{"href":"https:\/\/ansefsc.org.br\/index.php\/wp-json\/wp\/v2\/posts\/6655"}],"collection":[{"href":"https:\/\/ansefsc.org.br\/index.php\/wp-json\/wp\/v2\/posts"}],"about":[{"href":"https:\/\/ansefsc.org.br\/index.php\/wp-json\/wp\/v2\/types\/post"}],"author":[{"embeddable":true,"href":"https:\/\/ansefsc.org.br\/index.php\/wp-json\/wp\/v2\/users\/8"}],"replies":[{"embeddable":true,"href":"https:\/\/ansefsc.org.br\/index.php\/wp-json\/wp\/v2\/comments?post=6655"}],"version-history":[{"count":4,"href":"https:\/\/ansefsc.org.br\/index.php\/wp-json\/wp\/v2\/posts\/6655\/revisions"}],"predecessor-version":[{"id":6665,"href":"https:\/\/ansefsc.org.br\/index.php\/wp-json\/wp\/v2\/posts\/6655\/revisions\/6665"}],"wp:featuredmedia":[{"embeddable":true,"href":"https:\/\/ansefsc.org.br\/index.php\/wp-json\/wp\/v2\/media\/6657"}],"wp:attachment":[{"href":"https:\/\/ansefsc.org.br\/index.php\/wp-json\/wp\/v2\/media?parent=6655"}],"wp:term":[{"taxonomy":"category","embeddable":true,"href":"https:\/\/ansefsc.org.br\/index.php\/wp-json\/wp\/v2\/categories?post=6655"},{"taxonomy":"post_tag","embeddable":true,"href":"https:\/\/ansefsc.org.br\/index.php\/wp-json\/wp\/v2\/tags?post=6655"}],"curies":[{"name":"wp","href":"https:\/\/api.w.org\/{rel}","templated":true}]}}