{"id":6746,"date":"2026-09-04T08:49:29","date_gmt":"2026-09-04T11:49:29","guid":{"rendered":"https:\/\/ansefsc.org.br\/?p=6746"},"modified":"2026-09-04T10:54:48","modified_gmt":"2026-09-04T13:54:48","slug":"video-veja-os-melhores-momentos-do-cafe-de-setembro","status":"publish","type":"post","link":"https:\/\/ansefsc.org.br\/index.php\/2026\/09\/04\/video-veja-os-melhores-momentos-do-cafe-de-setembro\/","title":{"rendered":"V\u00eddeo: veja os melhores momentos do Caf\u00e9 de Setembro"},"content":{"rendered":"<p>[vc_row][vc_column width=&#8221;1\/1&#8243;]<div class=\"video-embed  wpb_content_element\"><iframe title=\"Caf\u00e9 da Integra\u00e7\u00e3o de Setembro - Ansef\/SC, Sinpofesc e SR\/PF\/SC\" width=\"1161\" height=\"653\" src=\"https:\/\/www.youtube.com\/embed\/ByyqrILavmg?feature=oembed\" frameborder=\"0\" allow=\"accelerometer; autoplay; clipboard-write; encrypted-media; gyroscope; picture-in-picture; web-share\" referrerpolicy=\"strict-origin-when-cross-origin\" allowfullscreen><\/iframe><\/div>[\/vc_column][\/vc_row]<\/p>\n","protected":false},"excerpt":{"rendered":"<p>[vc_row][vc_column width=&#8221;1\/1&#8243;][\/vc_column][\/vc_row]<\/p>\n","protected":false},"author":8,"featured_media":6747,"comment_status":"closed","ping_status":"open","sticky":false,"template":"","format":"standard","meta":[],"categories":[10],"tags":[],"_links":{"self":[{"href":"https:\/\/ansefsc.org.br\/index.php\/wp-json\/wp\/v2\/posts\/6746"}],"collection":[{"href":"https:\/\/ansefsc.org.br\/index.php\/wp-json\/wp\/v2\/posts"}],"about":[{"href":"https:\/\/ansefsc.org.br\/index.php\/wp-json\/wp\/v2\/types\/post"}],"author":[{"embeddable":true,"href":"https:\/\/ansefsc.org.br\/index.php\/wp-json\/wp\/v2\/users\/8"}],"replies":[{"embeddable":true,"href":"https:\/\/ansefsc.org.br\/index.php\/wp-json\/wp\/v2\/comments?post=6746"}],"version-history":[{"count":2,"href":"https:\/\/ansefsc.org.br\/index.php\/wp-json\/wp\/v2\/posts\/6746\/revisions"}],"predecessor-version":[{"id":6749,"href":"https:\/\/ansefsc.org.br\/index.php\/wp-json\/wp\/v2\/posts\/6746\/revisions\/6749"}],"wp:featuredmedia":[{"embeddable":true,"href":"https:\/\/ansefsc.org.br\/index.php\/wp-json\/wp\/v2\/media\/6747"}],"wp:attachment":[{"href":"https:\/\/ansefsc.org.br\/index.php\/wp-json\/wp\/v2\/media?parent=6746"}],"wp:term":[{"taxonomy":"category","embeddable":true,"href":"https:\/\/ansefsc.org.br\/index.php\/wp-json\/wp\/v2\/categories?post=6746"},{"taxonomy":"post_tag","embeddable":true,"href":"https:\/\/ansefsc.org.br\/index.php\/wp-json\/wp\/v2\/tags?post=6746"}],"curies":[{"name":"wp","href":"https:\/\/api.w.org\/{rel}","templated":true}]}}